{"id":3195,"date":"2015-03-06T08:52:08","date_gmt":"2015-03-06T08:52:08","guid":{"rendered":"http:\/\/blogs.hoy.es\/senderosextremadura\/?p=3195"},"modified":"2015-03-06T08:52:08","modified_gmt":"2015-03-06T08:52:08","slug":"de-valverde-de-la-vera-a-jarandilla-29-de-marzo","status":"publish","type":"post","link":"https:\/\/blogs.hoy.es\/senderosextremadura\/2015\/03\/06\/de-valverde-de-la-vera-a-jarandilla-29-de-marzo\/","title":{"rendered":"De Valverde de la Vera a Jarandilla (29 de marzo)"},"content":{"rendered":"<p>El 29 de marzo la <a href=\"https:\/\/www.facebook.com\/ademoxa.xalima?fref=ts\" target=\"_blank\" rel=\"external nofollow\"><strong>Asociaci\u00f3n Deportiva de Monta\u00f1a X\u00e1lima<\/strong> <\/a>realizar\u00e1 una ruta por la comarca de la Vera. La marcha de 19 kil\u00f3metros y 5 horas de duraci\u00f3n unir\u00e1 las localidades de Valverde de la Vera y Jarandilla. Los participantes saldr\u00e1n desde Moraleja a las ocho de la ma\u00f1ana. La dificultad es media-baja. La fecha l\u00edmite de inscripci\u00f3n es el 27 de marzo.<\/p>\n<p><a href=\"https:\/\/blogs.hoy.es\/senderosextremadura\/\"><img loading=\"lazy\" class=\"aligncenter size-large wp-image-3196\" title=\"\" src=\"\/senderosextremadura\/wp-content\/uploads\/sites\/22\/2015\/03\/senderismo-ruta-.jpg\" alt=\"\" width=\"600\" height=\"416\" srcset=\"https:\/\/static-blogs.hoy.es\/wp-content\/uploads\/sites\/22\/2015\/03\/senderismo-ruta-.jpg 960w, https:\/\/static-blogs.hoy.es\/wp-content\/uploads\/sites\/22\/2015\/03\/senderismo-ruta--300x208.jpg 300w, https:\/\/static-blogs.hoy.es\/wp-content\/uploads\/sites\/22\/2015\/03\/senderismo-ruta--768x534.jpg 768w, https:\/\/static-blogs.hoy.es\/wp-content\/uploads\/sites\/22\/2015\/03\/senderismo-ruta--600x417.jpg 600w\" sizes=\"(max-width: 600px) 100vw, 600px\" \/><\/a><\/p>\n<!-- AddThis Advanced Settings generic via filter on the_content --><!-- AddThis Share Buttons generic via filter on the_content -->","protected":false},"excerpt":{"rendered":"<p>El 29 de marzo la Asociaci\u00f3n Deportiva de Monta\u00f1a X\u00e1lima realizar\u00e1 una ruta por la comarca de la Vera. La marcha de 19 kil\u00f3metros y 5 horas de duraci\u00f3n unir\u00e1 las localidades de Valverde de la Vera y Jarandilla. Los participantes saldr\u00e1n desde Moraleja a las ocho de la ma\u00f1ana. La dificultad es media-baja. La [&hellip;]<!-- AddThis Advanced Settings generic via filter on get_the_excerpt --><!-- AddThis Share Buttons generic via filter on get_the_excerpt --><\/p>\n","protected":false},"author":27,"featured_media":0,"comment_status":"open","ping_status":"closed","sticky":false,"template":"","format":"standard","meta":[],"categories":[4],"tags":[301,413,434,538,821,854,906,1066],"_links":{"self":[{"href":"https:\/\/blogs.hoy.es\/senderosextremadura\/wp-json\/wp\/v2\/posts\/3195"}],"collection":[{"href":"https:\/\/blogs.hoy.es\/senderosextremadura\/wp-json\/wp\/v2\/posts"}],"about":[{"href":"https:\/\/blogs.hoy.es\/senderosextremadura\/wp-json\/wp\/v2\/types\/post"}],"author":[{"embeddable":true,"href":"https:\/\/blogs.hoy.es\/senderosextremadura\/wp-json\/wp\/v2\/users\/27"}],"replies":[{"embeddable":true,"href":"https:\/\/blogs.hoy.es\/senderosextremadura\/wp-json\/wp\/v2\/comments?post=3195"}],"version-history":[{"count":0,"href":"https:\/\/blogs.hoy.es\/senderosextremadura\/wp-json\/wp\/v2\/posts\/3195\/revisions"}],"wp:attachment":[{"href":"https:\/\/blogs.hoy.es\/senderosextremadura\/wp-json\/wp\/v2\/media?parent=3195"}],"wp:term":[{"taxonomy":"category","embeddable":true,"href":"https:\/\/blogs.hoy.es\/senderosextremadura\/wp-json\/wp\/v2\/categories?post=3195"},{"taxonomy":"post_tag","embeddable":true,"href":"https:\/\/blogs.hoy.es\/senderosextremadura\/wp-json\/wp\/v2\/tags?post=3195"}],"curies":[{"name":"wp","href":"https:\/\/api.w.org\/{rel}","templated":true}]}}