{"id":3198,"date":"2015-03-06T10:46:55","date_gmt":"2015-03-06T10:46:55","guid":{"rendered":"http:\/\/blogs.hoy.es\/senderosextremadura\/?p=3198"},"modified":"2015-03-06T10:46:55","modified_gmt":"2015-03-06T10:46:55","slug":"valverde-de-merida-invita-a-participar-en-su-ruta-los-terminos-15-de-marzo","status":"publish","type":"post","link":"https:\/\/blogs.hoy.es\/senderosextremadura\/2015\/03\/06\/valverde-de-merida-invita-a-participar-en-su-ruta-los-terminos-15-de-marzo\/","title":{"rendered":"Valverde de M\u00e9rida anima a participar en su ruta &#039;Los T\u00e9rminos&#039; (15 de marzo)"},"content":{"rendered":"<p>El pr\u00f3ximo d\u00eda 15\u00a0 de marzo el <strong>club senderista &#8216;Cuatro Cerros<\/strong>&#8216; de Valverde M\u00e9rida os invita a participar en su ruta &#8220;Los t\u00e9rminos&#8217;. La salida tendr\u00e1 lugar a las nueve de la ma\u00f1ana desde la plaza de Espa\u00f1a de la localidad pacense.\u00a0 La ruta recorre de 18 km y su dificultad es baja.<!--more--><br \/>\nLas inscripciones en <strong>clubdesenderismocuatrocerros@gmail.com<\/strong> indicar nombre, apellidos y localidad<br \/>\nEl precio ser\u00e1 de 2 euros que se abonaran\u00a0 el d\u00eda de la ruta, incluye avituallamiento, comida, rifa y regalos. La ruta ser\u00e1 circular y\u00a0 transcurrir\u00e1 por las dehesas del pueblo hasta llegar al\u00a0 Guadiana. Desde all\u00ed los senderistas seguir\u00e1n su cauce y llegar\u00e1n a\u00a0 \u201ccotorrillo\u201d , para subir luego hasta llegar El Guijo, donde repondr\u00e1n fuerzas para continuar en direcci\u00f3n al cobertizo de Ure\u00f1a. Una vez que encaucen el camino de M\u00e9rida,\u00a0 a pocos kil\u00f3metros avistar\u00e1n la iglesia de Santa marina,\u00a0 emblema de Valverde.<\/p>\n<!-- AddThis Advanced Settings generic via filter on the_content --><!-- AddThis Share Buttons generic via filter on the_content -->","protected":false},"excerpt":{"rendered":"<p>El pr\u00f3ximo d\u00eda 15\u00a0 de marzo el club senderista &#8216;Cuatro Cerros&#8216; de Valverde M\u00e9rida os invita a participar en su ruta &#8220;Los t\u00e9rminos&#8217;. La salida tendr\u00e1 lugar a las nueve de la ma\u00f1ana desde la plaza de Espa\u00f1a de la localidad pacense.\u00a0 La ruta recorre de 18 km y su dificultad es baja.<!-- AddThis Advanced Settings generic via filter on get_the_excerpt --><!-- AddThis Share Buttons generic via filter on get_the_excerpt --><\/p>\n","protected":false},"author":27,"featured_media":0,"comment_status":"open","ping_status":"closed","sticky":false,"template":"","format":"standard","meta":[],"categories":[4],"tags":[754,817,836,906,944,1035,1068],"_links":{"self":[{"href":"https:\/\/blogs.hoy.es\/senderosextremadura\/wp-json\/wp\/v2\/posts\/3198"}],"collection":[{"href":"https:\/\/blogs.hoy.es\/senderosextremadura\/wp-json\/wp\/v2\/posts"}],"about":[{"href":"https:\/\/blogs.hoy.es\/senderosextremadura\/wp-json\/wp\/v2\/types\/post"}],"author":[{"embeddable":true,"href":"https:\/\/blogs.hoy.es\/senderosextremadura\/wp-json\/wp\/v2\/users\/27"}],"replies":[{"embeddable":true,"href":"https:\/\/blogs.hoy.es\/senderosextremadura\/wp-json\/wp\/v2\/comments?post=3198"}],"version-history":[{"count":0,"href":"https:\/\/blogs.hoy.es\/senderosextremadura\/wp-json\/wp\/v2\/posts\/3198\/revisions"}],"wp:attachment":[{"href":"https:\/\/blogs.hoy.es\/senderosextremadura\/wp-json\/wp\/v2\/media?parent=3198"}],"wp:term":[{"taxonomy":"category","embeddable":true,"href":"https:\/\/blogs.hoy.es\/senderosextremadura\/wp-json\/wp\/v2\/categories?post=3198"},{"taxonomy":"post_tag","embeddable":true,"href":"https:\/\/blogs.hoy.es\/senderosextremadura\/wp-json\/wp\/v2\/tags?post=3198"}],"curies":[{"name":"wp","href":"https:\/\/api.w.org\/{rel}","templated":true}]}}