{"id":3200,"date":"2015-03-10T11:52:24","date_gmt":"2015-03-10T11:52:24","guid":{"rendered":"http:\/\/blogs.hoy.es\/senderosextremadura\/?p=3200"},"modified":"2015-03-10T11:52:24","modified_gmt":"2015-03-10T11:52:24","slug":"del-trampal-a-la-sierra-de-la-lombriz-21-de-marzo","status":"publish","type":"post","link":"https:\/\/blogs.hoy.es\/senderosextremadura\/2015\/03\/10\/del-trampal-a-la-sierra-de-la-lombriz-21-de-marzo\/","title":{"rendered":"Del cerro del Trampal a la sierra de la Lombriz (21 de marzo)"},"content":{"rendered":"<p><a href=\"https:\/\/blogs.hoy.es\/senderosextremadura\/\"><img loading=\"lazy\" class=\"aligncenter size-large wp-image-3203\" title=\"\" src=\"\/senderosextremadura\/wp-content\/uploads\/sites\/22\/2015\/03\/corta.jpg\" alt=\"\" width=\"600\" height=\"341\" srcset=\"https:\/\/static-blogs.hoy.es\/wp-content\/uploads\/sites\/22\/2015\/03\/corta.jpg 1229w, https:\/\/static-blogs.hoy.es\/wp-content\/uploads\/sites\/22\/2015\/03\/corta-300x171.jpg 300w, https:\/\/static-blogs.hoy.es\/wp-content\/uploads\/sites\/22\/2015\/03\/corta-768x437.jpg 768w, https:\/\/static-blogs.hoy.es\/wp-content\/uploads\/sites\/22\/2015\/03\/corta-600x342.jpg 600w\" sizes=\"(max-width: 600px) 100vw, 600px\" \/><\/a><\/p>\n<p><a href=\"http:\/\/senderoslacarabaldios.blogspot.com.es\/\" target=\"_blank\" rel=\"external nofollow\"><strong>Senderos L\u00e1cara los Bald\u00edos<\/strong>\u00a0 <\/a>ha organizado una ruta por la localidad pacense de <strong>Carmonita<\/strong>. La marcha de 22 kil\u00f3metros -con alternativa de 14- pretende unir el<strong> cerri del Trampal con la sierra de la Lombriz<\/strong>. <!--more-->A las 9 de la ma\u00f1ana tendr\u00e1 lugar la recepci\u00f3n en el Ayuntamiento, donde se ofrecer\u00e1 un desayuno a base de migas. Con el est\u00f3mago lleno, los caminantes comenzar\u00e1n a andar a las diez. Al finalizar habr\u00e1 comida popular a base de matanza, garbanzos y gazpacho.<\/p>\n<p>Las personas interesadas pueden inscribirse (con un precio de 6 euros)\u00a0 hasta el 19 de marzo en el mail <strong>senderoslacarabaldios@gmail.com.<\/strong><\/p>\n<p>Toda la informaci\u00f3n est\u00e1 disponible en el <strong><a href=\"http:\/\/senderoslacarabaldios.blogspot.com.es\/\" target=\"_blank\" rel=\"external nofollow\">blog de la organizaci\u00f3n.<\/a><\/strong><\/p>\n<!-- AddThis Advanced Settings generic via filter on the_content --><!-- AddThis Share Buttons generic via filter on the_content -->","protected":false},"excerpt":{"rendered":"<p>Senderos L\u00e1cara los Bald\u00edos\u00a0 ha organizado una ruta por la localidad pacense de Carmonita. La marcha de 22 kil\u00f3metros -con alternativa de 14- pretende unir el cerri del Trampal con la sierra de la Lombriz.<!-- AddThis Advanced Settings generic via filter on get_the_excerpt --><!-- AddThis Share Buttons generic via filter on get_the_excerpt --><\/p>\n","protected":false},"author":27,"featured_media":0,"comment_status":"open","ping_status":"closed","sticky":false,"template":"","format":"standard","meta":[],"categories":[4],"tags":[164,817,836,906,944,1035],"_links":{"self":[{"href":"https:\/\/blogs.hoy.es\/senderosextremadura\/wp-json\/wp\/v2\/posts\/3200"}],"collection":[{"href":"https:\/\/blogs.hoy.es\/senderosextremadura\/wp-json\/wp\/v2\/posts"}],"about":[{"href":"https:\/\/blogs.hoy.es\/senderosextremadura\/wp-json\/wp\/v2\/types\/post"}],"author":[{"embeddable":true,"href":"https:\/\/blogs.hoy.es\/senderosextremadura\/wp-json\/wp\/v2\/users\/27"}],"replies":[{"embeddable":true,"href":"https:\/\/blogs.hoy.es\/senderosextremadura\/wp-json\/wp\/v2\/comments?post=3200"}],"version-history":[{"count":0,"href":"https:\/\/blogs.hoy.es\/senderosextremadura\/wp-json\/wp\/v2\/posts\/3200\/revisions"}],"wp:attachment":[{"href":"https:\/\/blogs.hoy.es\/senderosextremadura\/wp-json\/wp\/v2\/media?parent=3200"}],"wp:term":[{"taxonomy":"category","embeddable":true,"href":"https:\/\/blogs.hoy.es\/senderosextremadura\/wp-json\/wp\/v2\/categories?post=3200"},{"taxonomy":"post_tag","embeddable":true,"href":"https:\/\/blogs.hoy.es\/senderosextremadura\/wp-json\/wp\/v2\/tags?post=3200"}],"curies":[{"name":"wp","href":"https:\/\/api.w.org\/{rel}","templated":true}]}}