{"id":3205,"date":"2015-03-10T12:04:52","date_gmt":"2015-03-10T12:04:52","guid":{"rendered":"http:\/\/blogs.hoy.es\/senderosextremadura\/?p=3205"},"modified":"2015-03-10T12:04:52","modified_gmt":"2015-03-10T12:04:52","slug":"ruta-hasta-el-castillejo-de-la-torrecilla-en-talavan-15-de-marzo","status":"publish","type":"post","link":"https:\/\/blogs.hoy.es\/senderosextremadura\/2015\/03\/10\/ruta-hasta-el-castillejo-de-la-torrecilla-en-talavan-15-de-marzo\/","title":{"rendered":"Ruta para ver un molino abandonado y el viejo castro de Talav\u00e1n (15 de marzo)"},"content":{"rendered":"<div id=\"attachment_3214\" style=\"width: 610px\" class=\"wp-caption aligncenter\"><a href=\"https:\/\/blogs.hoy.es\/senderosextremadura\/\"><img aria-describedby=\"caption-attachment-3214\" loading=\"lazy\" class=\"size-large wp-image-3214\" title=\"Restos del Molino Listas:: ALICIA TORO\" src=\"\/senderosextremadura\/wp-content\/uploads\/sites\/22\/2015\/03\/molino.jpg\" alt=\"\" width=\"600\" height=\"450\" srcset=\"https:\/\/static-blogs.hoy.es\/wp-content\/uploads\/sites\/22\/2015\/03\/molino.jpg 960w, https:\/\/static-blogs.hoy.es\/wp-content\/uploads\/sites\/22\/2015\/03\/molino-300x225.jpg 300w, https:\/\/static-blogs.hoy.es\/wp-content\/uploads\/sites\/22\/2015\/03\/molino-768x576.jpg 768w, https:\/\/static-blogs.hoy.es\/wp-content\/uploads\/sites\/22\/2015\/03\/molino-600x450.jpg 600w\" sizes=\"(max-width: 600px) 100vw, 600px\" \/><\/a><p id=\"caption-attachment-3214\" class=\"wp-caption-text\">Restos del Molino Listas:: ALICIA TORO<\/p><\/div>\n<p>El grupo senderista <strong>La Torruca de Talav\u00e1n<\/strong> (C\u00e1ceres) ha organizado una marcha para este fin de semana. El recorrido discurre en su mayor parte por la finca particular El Guijo. El primer sitio que se visita es un molino abandonado en el cauce del arroyo Mayas del que todav\u00eda se conservan las piedras de moler y parte de la canalizaci\u00f3n por donde discurr\u00eda el agua. En la marcha tambi\u00e9n se pueden contemplar los restos de un <strong>castro de la Edad de Hierro<\/strong>. Ser\u00e1 un recorrido de unos diez kil\u00f3metros, con salida a las nueve de la ma\u00f1ana desde la plaza de los Herradores.\u00a0 La\u00a0 marcha est\u00e1 abierta a todas las personas que quieran participar.<\/p>\n<div id=\"attachment_3213\" style=\"width: 610px\" class=\"wp-caption aligncenter\"><a href=\"https:\/\/blogs.hoy.es\/senderosextremadura\/\"><img aria-describedby=\"caption-attachment-3213\" loading=\"lazy\" class=\"size-large wp-image-3213\" title=\"\" src=\"\/senderosextremadura\/wp-content\/uploads\/sites\/22\/2015\/03\/ruta-.jpg\" alt=\"\" width=\"600\" height=\"337\" srcset=\"https:\/\/static-blogs.hoy.es\/wp-content\/uploads\/sites\/22\/2015\/03\/ruta-.jpg 980w, https:\/\/static-blogs.hoy.es\/wp-content\/uploads\/sites\/22\/2015\/03\/ruta--300x169.jpg 300w, https:\/\/static-blogs.hoy.es\/wp-content\/uploads\/sites\/22\/2015\/03\/ruta--768x432.jpg 768w, https:\/\/static-blogs.hoy.es\/wp-content\/uploads\/sites\/22\/2015\/03\/ruta--600x337.jpg 600w\" sizes=\"(max-width: 600px) 100vw, 600px\" \/><\/a><p id=\"caption-attachment-3213\" class=\"wp-caption-text\">Una de las panor\u00e1micas del Tajo que pueden verse en la ruta:: ALICIA TORO<\/p><\/div>\n<!-- AddThis Advanced Settings generic via filter on the_content --><!-- AddThis Share Buttons generic via filter on the_content -->","protected":false},"excerpt":{"rendered":"<p>El grupo senderista La Torruca de Talav\u00e1n (C\u00e1ceres) ha organizado una marcha para este fin de semana. El recorrido discurre en su mayor parte por la finca particular El Guijo. El primer sitio que se visita es un molino abandonado en el cauce del arroyo Mayas del que todav\u00eda se conservan las piedras de moler [&hellip;]<!-- AddThis Advanced Settings generic via filter on get_the_excerpt --><!-- AddThis Share Buttons generic via filter on get_the_excerpt --><\/p>\n","protected":false},"author":27,"featured_media":0,"comment_status":"open","ping_status":"closed","sticky":false,"template":"","format":"standard","meta":[],"categories":[4],"tags":[821,906,1006,1035],"_links":{"self":[{"href":"https:\/\/blogs.hoy.es\/senderosextremadura\/wp-json\/wp\/v2\/posts\/3205"}],"collection":[{"href":"https:\/\/blogs.hoy.es\/senderosextremadura\/wp-json\/wp\/v2\/posts"}],"about":[{"href":"https:\/\/blogs.hoy.es\/senderosextremadura\/wp-json\/wp\/v2\/types\/post"}],"author":[{"embeddable":true,"href":"https:\/\/blogs.hoy.es\/senderosextremadura\/wp-json\/wp\/v2\/users\/27"}],"replies":[{"embeddable":true,"href":"https:\/\/blogs.hoy.es\/senderosextremadura\/wp-json\/wp\/v2\/comments?post=3205"}],"version-history":[{"count":0,"href":"https:\/\/blogs.hoy.es\/senderosextremadura\/wp-json\/wp\/v2\/posts\/3205\/revisions"}],"wp:attachment":[{"href":"https:\/\/blogs.hoy.es\/senderosextremadura\/wp-json\/wp\/v2\/media?parent=3205"}],"wp:term":[{"taxonomy":"category","embeddable":true,"href":"https:\/\/blogs.hoy.es\/senderosextremadura\/wp-json\/wp\/v2\/categories?post=3205"},{"taxonomy":"post_tag","embeddable":true,"href":"https:\/\/blogs.hoy.es\/senderosextremadura\/wp-json\/wp\/v2\/tags?post=3205"}],"curies":[{"name":"wp","href":"https:\/\/api.w.org\/{rel}","templated":true}]}}