{"id":3220,"date":"2015-03-11T12:49:13","date_gmt":"2015-03-11T12:49:13","guid":{"rendered":"http:\/\/blogs.hoy.es\/senderosextremadura\/?p=3220"},"modified":"2015-03-11T12:49:13","modified_gmt":"2015-03-11T12:49:13","slug":"de-plasenzuela-a-sierra-de-fuentes-15-de-marzo","status":"publish","type":"post","link":"https:\/\/blogs.hoy.es\/senderosextremadura\/2015\/03\/11\/de-plasenzuela-a-sierra-de-fuentes-15-de-marzo\/","title":{"rendered":"De Plasenzuela a Sierra de Fuentes (15 de marzo)"},"content":{"rendered":"<p>&nbsp;<\/p>\n<div id=\"attachment_3223\" style=\"width: 610px\" class=\"wp-caption aligncenter\"><a href=\"https:\/\/blogs.hoy.es\/senderosextremadura\/\"><img aria-describedby=\"caption-attachment-3223\" loading=\"lazy\" class=\"size-large wp-image-3223\" title=\"\" src=\"\/senderosextremadura\/wp-content\/uploads\/sites\/22\/2015\/03\/sierra-fuentes.jpg\" alt=\"\" width=\"600\" height=\"384\" srcset=\"https:\/\/static-blogs.hoy.es\/wp-content\/uploads\/sites\/22\/2015\/03\/sierra-fuentes.jpg 1406w, https:\/\/static-blogs.hoy.es\/wp-content\/uploads\/sites\/22\/2015\/03\/sierra-fuentes-300x192.jpg 300w, https:\/\/static-blogs.hoy.es\/wp-content\/uploads\/sites\/22\/2015\/03\/sierra-fuentes-768x492.jpg 768w, https:\/\/static-blogs.hoy.es\/wp-content\/uploads\/sites\/22\/2015\/03\/sierra-fuentes-600x384.jpg 600w\" sizes=\"(max-width: 600px) 100vw, 600px\" \/><\/a><p id=\"caption-attachment-3223\" class=\"wp-caption-text\">Sierra de Fuentes y los llanos de C\u00e1ceres.<\/p><\/div>\n<p>Los senderistas de <strong>Sierra de Fuentes<\/strong> han organizado una ruta de Plasenzuela hasta su localidad cacere\u00f1a. La marcha de 20 kil\u00f3metros y dificultad media tendr\u00e1 lugar este domingo 15 de marzo. En esta marcha los caminantes recorrer\u00e1n bonitos paisajes de los <strong>Llanos de C\u00e1ceres.<\/strong><!--more--><br style=\"color: #663300;\" \/> Los participantes saldr\u00e1n desde la plaza de la iglesia a las 8 de la ma\u00f1ana. Un\u00a0 autob\u00fas saldr\u00e1 desde Sierra de Fuentes hasta Plasenzuela. La ruta comienza a las nueve de la ma\u00f1ana.\u00a0 En mitad del camino se hace un avituallamiento. Al final de la ruta\u00a0 se servir\u00e1 una comida en las instalaciones del campo de f\u00fatbol.<br \/>\nLa inscripci\u00f3n cuesta 10 euros y los interesados pueden inscribirse en la Casa de Cultura de Sierra de Fuentes hasta el 13 de marzo o en los tel\u00e9fonos 678974932, 685121293.<\/p>\n<!-- AddThis Advanced Settings generic via filter on the_content --><!-- AddThis Share Buttons generic via filter on the_content -->","protected":false},"excerpt":{"rendered":"<p>&nbsp; Los senderistas de Sierra de Fuentes han organizado una ruta de Plasenzuela hasta su localidad cacere\u00f1a. La marcha de 20 kil\u00f3metros y dificultad media tendr\u00e1 lugar este domingo 15 de marzo. En esta marcha los caminantes recorrer\u00e1n bonitos paisajes de los Llanos de C\u00e1ceres.<!-- AddThis Advanced Settings generic via filter on get_the_excerpt --><!-- AddThis Share Buttons generic via filter on get_the_excerpt --><\/p>\n","protected":false},"author":27,"featured_media":0,"comment_status":"open","ping_status":"closed","sticky":false,"template":"","format":"standard","meta":[],"categories":[4],"tags":[640,821,906,944,976,1035],"_links":{"self":[{"href":"https:\/\/blogs.hoy.es\/senderosextremadura\/wp-json\/wp\/v2\/posts\/3220"}],"collection":[{"href":"https:\/\/blogs.hoy.es\/senderosextremadura\/wp-json\/wp\/v2\/posts"}],"about":[{"href":"https:\/\/blogs.hoy.es\/senderosextremadura\/wp-json\/wp\/v2\/types\/post"}],"author":[{"embeddable":true,"href":"https:\/\/blogs.hoy.es\/senderosextremadura\/wp-json\/wp\/v2\/users\/27"}],"replies":[{"embeddable":true,"href":"https:\/\/blogs.hoy.es\/senderosextremadura\/wp-json\/wp\/v2\/comments?post=3220"}],"version-history":[{"count":0,"href":"https:\/\/blogs.hoy.es\/senderosextremadura\/wp-json\/wp\/v2\/posts\/3220\/revisions"}],"wp:attachment":[{"href":"https:\/\/blogs.hoy.es\/senderosextremadura\/wp-json\/wp\/v2\/media?parent=3220"}],"wp:term":[{"taxonomy":"category","embeddable":true,"href":"https:\/\/blogs.hoy.es\/senderosextremadura\/wp-json\/wp\/v2\/categories?post=3220"},{"taxonomy":"post_tag","embeddable":true,"href":"https:\/\/blogs.hoy.es\/senderosextremadura\/wp-json\/wp\/v2\/tags?post=3220"}],"curies":[{"name":"wp","href":"https:\/\/api.w.org\/{rel}","templated":true}]}}