{"id":3229,"date":"2015-03-13T09:17:47","date_gmt":"2015-03-13T09:17:47","guid":{"rendered":"http:\/\/blogs.hoy.es\/senderosextremadura\/?p=3229"},"modified":"2015-03-13T09:17:47","modified_gmt":"2015-03-13T09:17:47","slug":"ruta-por-monfrague-desde-la-tajadilla-a-villarreal-22-de-marzo","status":"publish","type":"post","link":"https:\/\/blogs.hoy.es\/senderosextremadura\/2015\/03\/13\/ruta-por-monfrague-desde-la-tajadilla-a-villarreal-22-de-marzo\/","title":{"rendered":"Ruta por Monfrag\u00fce desde La Tajadilla a Villarreal (22 de marzo)"},"content":{"rendered":"<p><a href=\"https:\/\/blogs.hoy.es\/senderosextremadura\/\"><img loading=\"lazy\" class=\"aligncenter size-large wp-image-3232\" title=\"\" src=\"\/senderosextremadura\/wp-content\/uploads\/sites\/22\/2015\/03\/extremadura.jpg\" alt=\"\" width=\"600\" height=\"337\" \/><\/a><\/p>\n<p><strong>Zona Viaje<\/strong> ha programado una ruta por el Parque Nacional de Monfrag\u00fce. Tendr\u00e1 lugar el pr\u00f3ximo 22 de marzo, con un recorrido de 16 kil\u00f3metros. La marcha discurrir\u00e1 entre La Tajadilla y Villareal de San Carlos, en pleno coraz\u00f3n del parque. La dificultad es media-baja.<!--more-->El precio de inscripci\u00f3n es de 20 euros. Las inscripciones online pueden realizarse hasta el 19 de marzo hasta agotar plazas. Este es el <a href=\"http:\/\/tinyurl.com\/p23bcan\" target=\"_blank\" rel=\"external nofollow\"><strong>link para apuntarse.<\/strong><\/a><\/p>\n<p>SALIDA:<br \/>\n08,00h Badajoz (Parking Iglesia San Jos\u00e9)<br \/>\n08,45h M\u00e9rida (\u00c1rea de Servicio ABADES)<br \/>\n09,30h C\u00e1ceres (Estaci\u00f3n de Autobuses)<\/p>\n<p>REGRESO:<br \/>\n18,00h Villareal de San Carlos<br \/>\n&#8230;&#8230;&#8230;&#8230;&#8230;&#8230;&#8230;&#8230;&#8230;&#8230;&#8230;&#8230;&#8230;&#8230;&#8230;&#8230;&#8230;&#8230;&#8230;&#8230;&#8230;&#8230;&#8230;&#8230;&#8230;&#8230;.<br \/>\nINCLUYE:<br \/>\n&#8211; Traslado Ida \/ Vuelta<br \/>\n&#8211; Gu\u00edas titulados<br \/>\n&#8211; Seguros<br \/>\n&#8230;&#8230;&#8230;&#8230;&#8230;&#8230;&#8230;&#8230;&#8230;&#8230;&#8230;&#8230;&#8230;&#8230;&#8230;&#8230;&#8230;&#8230;&#8230;&#8230;&#8230;&#8230;&#8230;&#8230;&#8230;&#8230;.<br \/>\nM\u00e1n informaci\u00f3n en info@zonaviaje.com<\/p>\n<!-- AddThis Advanced Settings generic via filter on the_content --><!-- AddThis Share Buttons generic via filter on the_content -->","protected":false},"excerpt":{"rendered":"<p>Zona Viaje ha programado una ruta por el Parque Nacional de Monfrag\u00fce. Tendr\u00e1 lugar el pr\u00f3ximo 22 de marzo, con un recorrido de 16 kil\u00f3metros. La marcha discurrir\u00e1 entre La Tajadilla y Villareal de San Carlos, en pleno coraz\u00f3n del parque. La dificultad es media-baja.<!-- AddThis Advanced Settings generic via filter on get_the_excerpt --><!-- AddThis Share Buttons generic via filter on get_the_excerpt --><\/p>\n","protected":false},"author":27,"featured_media":0,"comment_status":"open","ping_status":"closed","sticky":false,"template":"","format":"standard","meta":[],"categories":[4],"tags":[821,861,906,944,1035],"_links":{"self":[{"href":"https:\/\/blogs.hoy.es\/senderosextremadura\/wp-json\/wp\/v2\/posts\/3229"}],"collection":[{"href":"https:\/\/blogs.hoy.es\/senderosextremadura\/wp-json\/wp\/v2\/posts"}],"about":[{"href":"https:\/\/blogs.hoy.es\/senderosextremadura\/wp-json\/wp\/v2\/types\/post"}],"author":[{"embeddable":true,"href":"https:\/\/blogs.hoy.es\/senderosextremadura\/wp-json\/wp\/v2\/users\/27"}],"replies":[{"embeddable":true,"href":"https:\/\/blogs.hoy.es\/senderosextremadura\/wp-json\/wp\/v2\/comments?post=3229"}],"version-history":[{"count":0,"href":"https:\/\/blogs.hoy.es\/senderosextremadura\/wp-json\/wp\/v2\/posts\/3229\/revisions"}],"wp:attachment":[{"href":"https:\/\/blogs.hoy.es\/senderosextremadura\/wp-json\/wp\/v2\/media?parent=3229"}],"wp:term":[{"taxonomy":"category","embeddable":true,"href":"https:\/\/blogs.hoy.es\/senderosextremadura\/wp-json\/wp\/v2\/categories?post=3229"},{"taxonomy":"post_tag","embeddable":true,"href":"https:\/\/blogs.hoy.es\/senderosextremadura\/wp-json\/wp\/v2\/tags?post=3229"}],"curies":[{"name":"wp","href":"https:\/\/api.w.org\/{rel}","templated":true}]}}