{"id":3233,"date":"2015-03-13T09:33:47","date_gmt":"2015-03-13T09:33:47","guid":{"rendered":"http:\/\/blogs.hoy.es\/senderosextremadura\/?p=3233"},"modified":"2015-03-13T09:33:47","modified_gmt":"2015-03-13T09:33:47","slug":"caminata-solidaria-por-cuatro-gargantas-del-jerte-22-de-marzo","status":"publish","type":"post","link":"https:\/\/blogs.hoy.es\/senderosextremadura\/2015\/03\/13\/caminata-solidaria-por-cuatro-gargantas-del-jerte-22-de-marzo\/","title":{"rendered":"Caminata solidaria por cuatro gargantas del Jerte (22 de marzo)"},"content":{"rendered":"<p><a href=\"https:\/\/blogs.hoy.es\/senderosextremadura\/\"><img loading=\"lazy\" class=\"aligncenter size-full wp-image-3236\" title=\"jertes\" src=\"\/senderosextremadura\/wp-content\/uploads\/sites\/22\/2015\/03\/jertes1.jpg\" alt=\"\" width=\"280\" height=\"180\" \/><\/a><br \/>\nComo en la pasada edici\u00f3n, este 2015 las propuestas deportivas de la <a href=\"http:\/\/primaveraycerezoenflor.blogspot.com.es\/2015\/02\/iii-ruta-solidaria-las-4-gargantas.html\" target=\"_blank\" rel=\"external nofollow\"><strong>Primavera y Cerezo en Flo<\/strong>r<\/a> comenzar\u00e1n con una ruta solidaria.\u00a0 Bajo el t\u00edtulo de Las 4 Gargantas tendr\u00e1 lugar esta cita senderista cuya recaudaci\u00f3n ir\u00e1 destinada \u00edntegramente a la <strong>Asociaci\u00f3n Oncol\u00f3gica Extreme\u00f1a (AOEX).<\/strong><\/p>\n<p>La ruta tendr\u00e1 su salida y llegada en la parada de autob\u00fas de Rebollar, junto a la carretera N-110, y partir\u00e1 a las 10:00 h del domingo 22 de marzo. Para que todo el mundo pueda participar se presenta en dos modalidades de diferente distancia, dificultad y duraci\u00f3n: Ruta circular y Ruta familiar:<\/p>\n<p>RUTA CIRCULAR: Distancia 12 km \/ Dificultad media \/ Duraci\u00f3n aprox. 4 horas<br \/>\nRUTA FAMILIAR: Distancia 6 km \/ Dificultad baja \/ Duraci\u00f3n aprox. 2.30 horas<\/p>\n<p>Consulta m\u00e1s datos de la ruta en el <a href=\"http:\/\/primaveraycerezoenflor.blogspot.com.es\/2015\/02\/iii-ruta-solidaria-las-4-gargantas.html\" target=\"_blank\" rel=\"external nofollow\">blog Primavera y Cerezo en Flor. <\/a><\/p>\n<p>&nbsp;<\/p>\n<p>&nbsp;<\/p>\n<!-- AddThis Advanced Settings generic via filter on the_content --><!-- AddThis Share Buttons generic via filter on the_content -->","protected":false},"excerpt":{"rendered":"<p>Como en la pasada edici\u00f3n, este 2015 las propuestas deportivas de la Primavera y Cerezo en Flor comenzar\u00e1n con una ruta solidaria.\u00a0 Bajo el t\u00edtulo de Las 4 Gargantas tendr\u00e1 lugar esta cita senderista cuya recaudaci\u00f3n ir\u00e1 destinada \u00edntegramente a la Asociaci\u00f3n Oncol\u00f3gica Extreme\u00f1a (AOEX). La ruta tendr\u00e1 su salida y llegada en la parada [&hellip;]<!-- AddThis Advanced Settings generic via filter on get_the_excerpt --><!-- AddThis Share Buttons generic via filter on get_the_excerpt --><\/p>\n","protected":false},"author":27,"featured_media":0,"comment_status":"open","ping_status":"closed","sticky":false,"template":"","format":"standard","meta":[],"categories":[4],"tags":[419,836,906,1035],"_links":{"self":[{"href":"https:\/\/blogs.hoy.es\/senderosextremadura\/wp-json\/wp\/v2\/posts\/3233"}],"collection":[{"href":"https:\/\/blogs.hoy.es\/senderosextremadura\/wp-json\/wp\/v2\/posts"}],"about":[{"href":"https:\/\/blogs.hoy.es\/senderosextremadura\/wp-json\/wp\/v2\/types\/post"}],"author":[{"embeddable":true,"href":"https:\/\/blogs.hoy.es\/senderosextremadura\/wp-json\/wp\/v2\/users\/27"}],"replies":[{"embeddable":true,"href":"https:\/\/blogs.hoy.es\/senderosextremadura\/wp-json\/wp\/v2\/comments?post=3233"}],"version-history":[{"count":0,"href":"https:\/\/blogs.hoy.es\/senderosextremadura\/wp-json\/wp\/v2\/posts\/3233\/revisions"}],"wp:attachment":[{"href":"https:\/\/blogs.hoy.es\/senderosextremadura\/wp-json\/wp\/v2\/media?parent=3233"}],"wp:term":[{"taxonomy":"category","embeddable":true,"href":"https:\/\/blogs.hoy.es\/senderosextremadura\/wp-json\/wp\/v2\/categories?post=3233"},{"taxonomy":"post_tag","embeddable":true,"href":"https:\/\/blogs.hoy.es\/senderosextremadura\/wp-json\/wp\/v2\/tags?post=3233"}],"curies":[{"name":"wp","href":"https:\/\/api.w.org\/{rel}","templated":true}]}}