{"id":3238,"date":"2015-03-13T10:04:47","date_gmt":"2015-03-13T10:04:47","guid":{"rendered":"http:\/\/blogs.hoy.es\/senderosextremadura\/?p=3238"},"modified":"2015-03-13T10:04:47","modified_gmt":"2015-03-13T10:04:47","slug":"ruta-en-berzocana-por-una-orilla-marina-con-500-millones-de-anos-14-de-marzo","status":"publish","type":"post","link":"https:\/\/blogs.hoy.es\/senderosextremadura\/2015\/03\/13\/ruta-en-berzocana-por-una-orilla-marina-con-500-millones-de-anos-14-de-marzo\/","title":{"rendered":"Ruta en Berzocana por una orilla marina con 500 millones de a\u00f1os  (14 de marzo)"},"content":{"rendered":"<div id=\"attachment_3241\" style=\"width: 454px\" class=\"wp-caption aligncenter\"><a href=\"https:\/\/blogs.hoy.es\/senderosextremadura\/\"><img aria-describedby=\"caption-attachment-3241\" loading=\"lazy\" class=\"size-full wp-image-3241\" title=\"\" src=\"\/senderosextremadura\/wp-content\/uploads\/sites\/22\/2015\/03\/geoparque.jpg\" alt=\"\" width=\"444\" height=\"296\" srcset=\"https:\/\/static-blogs.hoy.es\/wp-content\/uploads\/sites\/22\/2015\/03\/geoparque.jpg 444w, https:\/\/static-blogs.hoy.es\/wp-content\/uploads\/sites\/22\/2015\/03\/geoparque-300x200.jpg 300w\" sizes=\"(max-width: 444px) 100vw, 444px\" \/><\/a><p id=\"caption-attachment-3241\" class=\"wp-caption-text\">Paraje de Berzocana:: RUTAS POR EXTREMADURA<\/p><\/div>\n<p>La localidad cacere\u00f1a de <strong>Berzocana<\/strong> acoge este s\u00e1bado d\u00eda 14 una caminata con el evocador nombre de <strong>Ruta a la orilla del mar<\/strong>. Al territorio que hace 500 millones de a\u00f1os formaba parte del oc\u00e9ano y que forma parte del\u00a0 Geoparque Villuercas Ibores Jara. Comenzar\u00e1 a las 10.30 de la ma\u00f1ana en la plaza de Espa\u00f1a de la localidad cacere\u00f1a. Los caminantes visitar\u00e1n las cuevas de la S\u00e1bana, los Cabritos y los Morales, adem\u00e1s de un jard\u00edn bot\u00e1nico. El avistamiento de aves est\u00e1 asegurado. Para m\u00e1s informaci\u00f3n contactar con la organizaci\u00f3n (<a href=\"https:\/\/www.facebook.com\/pages\/Rutas-por-Extremadura\/331627711363?fref=ts\" target=\"_blank\" rel=\"external nofollow\"><strong>Rutas por Extremadura<\/strong><\/a>) en el tel\u00e9fono 636998462.<\/p>\n<p>El coste de inscripci\u00f3n es de 5 euros.<\/p>\n<p>&nbsp;<\/p>\n<p>&nbsp;<\/p>\n<!-- AddThis Advanced Settings generic via filter on the_content --><!-- AddThis Share Buttons generic via filter on the_content -->","protected":false},"excerpt":{"rendered":"<p>La localidad cacere\u00f1a de Berzocana acoge este s\u00e1bado d\u00eda 14 una caminata con el evocador nombre de Ruta a la orilla del mar. Al territorio que hace 500 millones de a\u00f1os formaba parte del oc\u00e9ano y que forma parte del\u00a0 Geoparque Villuercas Ibores Jara. Comenzar\u00e1 a las 10.30 de la ma\u00f1ana en la plaza de [&hellip;]<!-- AddThis Advanced Settings generic via filter on get_the_excerpt --><!-- AddThis Share Buttons generic via filter on get_the_excerpt --><\/p>\n","protected":false},"author":27,"featured_media":0,"comment_status":"open","ping_status":"closed","sticky":false,"template":"","format":"standard","meta":[],"categories":[4],"tags":[101,350,354,821,1098],"_links":{"self":[{"href":"https:\/\/blogs.hoy.es\/senderosextremadura\/wp-json\/wp\/v2\/posts\/3238"}],"collection":[{"href":"https:\/\/blogs.hoy.es\/senderosextremadura\/wp-json\/wp\/v2\/posts"}],"about":[{"href":"https:\/\/blogs.hoy.es\/senderosextremadura\/wp-json\/wp\/v2\/types\/post"}],"author":[{"embeddable":true,"href":"https:\/\/blogs.hoy.es\/senderosextremadura\/wp-json\/wp\/v2\/users\/27"}],"replies":[{"embeddable":true,"href":"https:\/\/blogs.hoy.es\/senderosextremadura\/wp-json\/wp\/v2\/comments?post=3238"}],"version-history":[{"count":0,"href":"https:\/\/blogs.hoy.es\/senderosextremadura\/wp-json\/wp\/v2\/posts\/3238\/revisions"}],"wp:attachment":[{"href":"https:\/\/blogs.hoy.es\/senderosextremadura\/wp-json\/wp\/v2\/media?parent=3238"}],"wp:term":[{"taxonomy":"category","embeddable":true,"href":"https:\/\/blogs.hoy.es\/senderosextremadura\/wp-json\/wp\/v2\/categories?post=3238"},{"taxonomy":"post_tag","embeddable":true,"href":"https:\/\/blogs.hoy.es\/senderosextremadura\/wp-json\/wp\/v2\/tags?post=3238"}],"curies":[{"name":"wp","href":"https:\/\/api.w.org\/{rel}","templated":true}]}}