{"id":3242,"date":"2015-03-17T10:50:49","date_gmt":"2015-03-17T10:50:49","guid":{"rendered":"http:\/\/blogs.hoy.es\/senderosextremadura\/?p=3242"},"modified":"2015-03-17T10:50:49","modified_gmt":"2015-03-17T10:50:49","slug":"senderistas-de-valdebotoa-visitaran-el-azud-del-guadiana-22-de-marzo","status":"publish","type":"post","link":"https:\/\/blogs.hoy.es\/senderosextremadura\/2015\/03\/17\/senderistas-de-valdebotoa-visitaran-el-azud-del-guadiana-22-de-marzo\/","title":{"rendered":"Los senderistas de Valdeb\u00f3toa visitan el Azud del Guadiana (22 de marzo)"},"content":{"rendered":"<p>El <a href=\"https:\/\/www.facebook.com\/clubdesenderismo.botoa?fref=photo\" target=\"_blank\" rel=\"external nofollow\"><strong>Club de Senderismo Valb\u00f3toa<\/strong><\/a> se desplaza el pr\u00f3ximo fin de semana a Badajoz para realizar una ruta hasta el Azud del Guadiana. La marcha tendr\u00e1 lugar el pr\u00f3ximo domingo 22 de marzo y recorrer\u00e1 unos 18 kil\u00f3metros y medio.<!--more--><br \/>\nEl precio de inscripci\u00f3n es de 5,50 para los socios y 8,50 para los no socios. Incluye desayuno, avituallamiento, consumici\u00f3n, comida, postre y regalo individual. Para resolver cualquier duda se puede contactar con el club a trav\u00e9s de WhatsApp, Facebook o email senderismovaldebotoa@gmail<wbr>.com. <\/wbr><\/p>\n<p>La marcha partir\u00e1 desde de la explanada de Puente Real.<\/p>\n<p><a href=\"https:\/\/blogs.hoy.es\/senderosextremadura\/\"><img loading=\"lazy\" class=\"aligncenter size-large wp-image-3243\" title=\"cartel\" src=\"\/senderosextremadura\/wp-content\/uploads\/sites\/22\/2015\/03\/cartel.jpg\" alt=\"\" width=\"600\" height=\"849\" srcset=\"https:\/\/static-blogs.hoy.es\/wp-content\/uploads\/sites\/22\/2015\/03\/cartel.jpg 678w, https:\/\/static-blogs.hoy.es\/wp-content\/uploads\/sites\/22\/2015\/03\/cartel-212x300.jpg 212w, https:\/\/static-blogs.hoy.es\/wp-content\/uploads\/sites\/22\/2015\/03\/cartel-600x850.jpg 600w\" sizes=\"(max-width: 600px) 100vw, 600px\" \/><\/a><\/p>\n<p>&nbsp;<\/p>\n<p>&nbsp;<\/p>\n<!-- AddThis Advanced Settings generic via filter on the_content --><!-- AddThis Share Buttons generic via filter on the_content -->","protected":false},"excerpt":{"rendered":"<p>El Club de Senderismo Valb\u00f3toa se desplaza el pr\u00f3ximo fin de semana a Badajoz para realizar una ruta hasta el Azud del Guadiana. La marcha tendr\u00e1 lugar el pr\u00f3ximo domingo 22 de marzo y recorrer\u00e1 unos 18 kil\u00f3metros y medio.<!-- AddThis Advanced Settings generic via filter on get_the_excerpt --><!-- AddThis Share Buttons generic via filter on get_the_excerpt --><\/p>\n","protected":false},"author":27,"featured_media":0,"comment_status":"open","ping_status":"closed","sticky":false,"template":"","format":"standard","meta":[],"categories":[4],"tags":[85,86,367,817,950,1049],"_links":{"self":[{"href":"https:\/\/blogs.hoy.es\/senderosextremadura\/wp-json\/wp\/v2\/posts\/3242"}],"collection":[{"href":"https:\/\/blogs.hoy.es\/senderosextremadura\/wp-json\/wp\/v2\/posts"}],"about":[{"href":"https:\/\/blogs.hoy.es\/senderosextremadura\/wp-json\/wp\/v2\/types\/post"}],"author":[{"embeddable":true,"href":"https:\/\/blogs.hoy.es\/senderosextremadura\/wp-json\/wp\/v2\/users\/27"}],"replies":[{"embeddable":true,"href":"https:\/\/blogs.hoy.es\/senderosextremadura\/wp-json\/wp\/v2\/comments?post=3242"}],"version-history":[{"count":0,"href":"https:\/\/blogs.hoy.es\/senderosextremadura\/wp-json\/wp\/v2\/posts\/3242\/revisions"}],"wp:attachment":[{"href":"https:\/\/blogs.hoy.es\/senderosextremadura\/wp-json\/wp\/v2\/media?parent=3242"}],"wp:term":[{"taxonomy":"category","embeddable":true,"href":"https:\/\/blogs.hoy.es\/senderosextremadura\/wp-json\/wp\/v2\/categories?post=3242"},{"taxonomy":"post_tag","embeddable":true,"href":"https:\/\/blogs.hoy.es\/senderosextremadura\/wp-json\/wp\/v2\/tags?post=3242"}],"curies":[{"name":"wp","href":"https:\/\/api.w.org\/{rel}","templated":true}]}}