{"id":3245,"date":"2015-03-17T11:35:53","date_gmt":"2015-03-17T11:35:53","guid":{"rendered":"http:\/\/blogs.hoy.es\/senderosextremadura\/?p=3245"},"modified":"2015-03-17T11:35:53","modified_gmt":"2015-03-17T11:35:53","slug":"250-ninos-siguieron-al-flautista-de-hamelin-por-los-senderos-de-olivenza","status":"publish","type":"post","link":"https:\/\/blogs.hoy.es\/senderosextremadura\/2015\/03\/17\/250-ninos-siguieron-al-flautista-de-hamelin-por-los-senderos-de-olivenza\/","title":{"rendered":"250 ni\u00f1os siguieron al flautista de Hamel\u00edn por los senderos de Olivenza"},"content":{"rendered":"<p>&nbsp;<\/p>\n<p><a href=\"https:\/\/blogs.hoy.es\/senderosextremadura\/\"><img loading=\"lazy\" class=\"aligncenter  wp-image-3250\" title=\"\" src=\"\/senderosextremadura\/wp-content\/uploads\/sites\/22\/2015\/03\/sende.jpg\" alt=\"\" width=\"565\" height=\"347\" srcset=\"https:\/\/static-blogs.hoy.es\/wp-content\/uploads\/sites\/22\/2015\/03\/sende.jpg 898w, https:\/\/static-blogs.hoy.es\/wp-content\/uploads\/sites\/22\/2015\/03\/sende-300x185.jpg 300w, https:\/\/static-blogs.hoy.es\/wp-content\/uploads\/sites\/22\/2015\/03\/sende-768x473.jpg 768w, https:\/\/static-blogs.hoy.es\/wp-content\/uploads\/sites\/22\/2015\/03\/sende-600x369.jpg 600w\" sizes=\"(max-width: 565px) 100vw, 565px\" \/><\/a><\/p>\n<p>&nbsp;<\/p>\n<p>La afici\u00f3n senderista tambi\u00e9n empieza a calar entre los ni\u00f1os extreme\u00f1os. El pasado domingo, el <strong>flautista de Hamel\u00edn<\/strong> gui\u00f3 a 250 ni\u00f1os de todas las edades por los\u00a0 <strong>senderos que rodean Olivenza<\/strong>. De manos del <a href=\"http:\/\/clubsenderistaolivenza.es\/\" rel=\"external nofollow\"><strong>Club Prisi\u00f1as<\/strong><\/a>, la plaza de Santa Mar\u00eda se llen\u00f3 con un millar de personas para disfrutar de una ruta de cuento. Los peque\u00f1os y sus familias acompa\u00f1aron al flautista y un nutrido grupo de ratas hasta el pueblo de Hamel\u00edn, donde pudieron disfrutar de una merienda junto a su bonita casa de campo construida en madera. Entre m\u00fasica y baile, al regresar a la villa, las <strong>peque\u00f1as ratitas se convirtieron en hadas<\/strong>.<\/p>\n<p><a href=\"https:\/\/blogs.hoy.es\/senderosextremadura\/\"><img loading=\"lazy\" class=\"aligncenter size-large wp-image-3249\" title=\"\" src=\"\/senderosextremadura\/wp-content\/uploads\/sites\/22\/2015\/03\/ratitas1.jpg\" alt=\"\" width=\"600\" height=\"392\" srcset=\"https:\/\/static-blogs.hoy.es\/wp-content\/uploads\/sites\/22\/2015\/03\/ratitas1.jpg 846w, https:\/\/static-blogs.hoy.es\/wp-content\/uploads\/sites\/22\/2015\/03\/ratitas1-300x196.jpg 300w, https:\/\/static-blogs.hoy.es\/wp-content\/uploads\/sites\/22\/2015\/03\/ratitas1-768x502.jpg 768w, https:\/\/static-blogs.hoy.es\/wp-content\/uploads\/sites\/22\/2015\/03\/ratitas1-600x392.jpg 600w\" sizes=\"(max-width: 600px) 100vw, 600px\" \/><\/a><\/p>\n<p>Cada participante en la marcha senderista infantil organizada por los Prisi\u00f1as con una causa solidaria aport\u00f3 tres litros de zumo, aceite o leche destinados a Cruz Roja. Un gesto altruista que part\u00eda de los m\u00e1s peque\u00f1os y con el que se sacaron casi un millar de litros. El club destaca la colaboraci\u00f3n y apoyo prestados por el Ayuntamiento de Olivenza, Cruz Roja, Polic\u00eda Local y Protecci\u00f3n Civil. La Filarm\u00f3nica de Olivenza puso su elegancia musical, a la Asociaci\u00f3n Cuenta Conmigo que reparti\u00f3 magia y a todos los Prisi\u00f1as que, con su trabajo y con su ilusi\u00f3n, hicieron posible este proyecto. El pr\u00f3ximo, seguro que no se hace esperar.<\/p>\n<div id=\"attachment_3246\" style=\"width: 610px\" class=\"wp-caption aligncenter\"><a href=\"https:\/\/blogs.hoy.es\/senderosextremadura\"><img aria-describedby=\"caption-attachment-3246\" loading=\"lazy\" class=\"size-large wp-image-3246\" title=\"\" src=\"\/senderosextremadura\/wp-content\/uploads\/sites\/22\/2015\/03\/hamelin.jpg\" alt=\"\" width=\"600\" height=\"400\" srcset=\"https:\/\/static-blogs.hoy.es\/wp-content\/uploads\/sites\/22\/2015\/03\/hamelin.jpg 829w, https:\/\/static-blogs.hoy.es\/wp-content\/uploads\/sites\/22\/2015\/03\/hamelin-300x200.jpg 300w, https:\/\/static-blogs.hoy.es\/wp-content\/uploads\/sites\/22\/2015\/03\/hamelin-768x512.jpg 768w, https:\/\/static-blogs.hoy.es\/wp-content\/uploads\/sites\/22\/2015\/03\/hamelin-600x400.jpg 600w\" sizes=\"(max-width: 600px) 100vw, 600px\" \/><\/a><p id=\"caption-attachment-3246\" class=\"wp-caption-text\">Los Prisi\u00f1as mostraron la casa de madera del flautista de Hamel\u00edn<\/p><\/div>\n<!-- AddThis Advanced Settings generic via filter on the_content --><!-- AddThis Share Buttons generic via filter on the_content -->","protected":false},"excerpt":{"rendered":"<p>&nbsp; &nbsp; La afici\u00f3n senderista tambi\u00e9n empieza a calar entre los ni\u00f1os extreme\u00f1os. El pasado domingo, el flautista de Hamel\u00edn gui\u00f3 a 250 ni\u00f1os de todas las edades por los\u00a0 senderos que rodean Olivenza. De manos del Club Prisi\u00f1as, la plaza de Santa Mar\u00eda se llen\u00f3 con un millar de personas para disfrutar de una [&hellip;]<!-- AddThis Advanced Settings generic via filter on get_the_excerpt --><!-- AddThis Share Buttons generic via filter on get_the_excerpt --><\/p>\n","protected":false},"author":27,"featured_media":0,"comment_status":"open","ping_status":"closed","sticky":false,"template":"","format":"standard","meta":[],"categories":[4],"tags":[220,587,817,836,908],"_links":{"self":[{"href":"https:\/\/blogs.hoy.es\/senderosextremadura\/wp-json\/wp\/v2\/posts\/3245"}],"collection":[{"href":"https:\/\/blogs.hoy.es\/senderosextremadura\/wp-json\/wp\/v2\/posts"}],"about":[{"href":"https:\/\/blogs.hoy.es\/senderosextremadura\/wp-json\/wp\/v2\/types\/post"}],"author":[{"embeddable":true,"href":"https:\/\/blogs.hoy.es\/senderosextremadura\/wp-json\/wp\/v2\/users\/27"}],"replies":[{"embeddable":true,"href":"https:\/\/blogs.hoy.es\/senderosextremadura\/wp-json\/wp\/v2\/comments?post=3245"}],"version-history":[{"count":0,"href":"https:\/\/blogs.hoy.es\/senderosextremadura\/wp-json\/wp\/v2\/posts\/3245\/revisions"}],"wp:attachment":[{"href":"https:\/\/blogs.hoy.es\/senderosextremadura\/wp-json\/wp\/v2\/media?parent=3245"}],"wp:term":[{"taxonomy":"category","embeddable":true,"href":"https:\/\/blogs.hoy.es\/senderosextremadura\/wp-json\/wp\/v2\/categories?post=3245"},{"taxonomy":"post_tag","embeddable":true,"href":"https:\/\/blogs.hoy.es\/senderosextremadura\/wp-json\/wp\/v2\/tags?post=3245"}],"curies":[{"name":"wp","href":"https:\/\/api.w.org\/{rel}","templated":true}]}}