{"id":3255,"date":"2015-03-17T21:19:52","date_gmt":"2015-03-17T21:19:52","guid":{"rendered":"http:\/\/blogs.hoy.es\/senderosextremadura\/?p=3255"},"modified":"2015-03-17T21:19:52","modified_gmt":"2015-03-17T21:19:52","slug":"entre-fosiles-y-cuevas-de-cabanas-del-castillo-21-de-marzo","status":"publish","type":"post","link":"https:\/\/blogs.hoy.es\/senderosextremadura\/2015\/03\/17\/entre-fosiles-y-cuevas-de-cabanas-del-castillo-21-de-marzo\/","title":{"rendered":"Entre f\u00f3siles y cuevas de Caba\u00f1as del Castillo (21 de marzo)"},"content":{"rendered":"<p><a href=\"https:\/\/blogs.hoy.es\/senderosextremadura\/\"><img loading=\"lazy\" class=\"aligncenter size-full wp-image-3256\" title=\"\" src=\"\/senderosextremadura\/wp-content\/uploads\/sites\/22\/2015\/03\/cabanas-castillo.jpg\" alt=\"\" width=\"420\" height=\"280\" srcset=\"https:\/\/static-blogs.hoy.es\/wp-content\/uploads\/sites\/22\/2015\/03\/cabanas-castillo.jpg 420w, https:\/\/static-blogs.hoy.es\/wp-content\/uploads\/sites\/22\/2015\/03\/cabanas-castillo-300x200.jpg 300w\" sizes=\"(max-width: 420px) 100vw, 420px\" \/><\/a><\/p>\n<p>&nbsp;<\/p>\n<p>La localidad cacere\u00f1a de Caba\u00f1as del Castillo acoge este s\u00e1bado, 21 de marzo, una ruta senderista cargada de atractivos. La marcha arrancar\u00e1 a las 10.30 horas en la Posada de Caba\u00f1as. El fin de esta actividad es visitar el pueblo, las cuevas, los f\u00f3siles, y disfrutar de su castillo y de sus parajes naturales.<\/p>\n<!-- AddThis Advanced Settings generic via filter on the_content --><!-- AddThis Share Buttons generic via filter on the_content -->","protected":false},"excerpt":{"rendered":"<p>&nbsp; La localidad cacere\u00f1a de Caba\u00f1as del Castillo acoge este s\u00e1bado, 21 de marzo, una ruta senderista cargada de atractivos. La marcha arrancar\u00e1 a las 10.30 horas en la Posada de Caba\u00f1as. El fin de esta actividad es visitar el pueblo, las cuevas, los f\u00f3siles, y disfrutar de su castillo y de sus parajes naturales.<!-- AddThis Advanced Settings generic via filter on get_the_excerpt --><!-- AddThis Share Buttons generic via filter on get_the_excerpt --><\/p>\n","protected":false},"author":27,"featured_media":0,"comment_status":"open","ping_status":"closed","sticky":false,"template":"","format":"standard","meta":[],"categories":[4],"tags":[],"_links":{"self":[{"href":"https:\/\/blogs.hoy.es\/senderosextremadura\/wp-json\/wp\/v2\/posts\/3255"}],"collection":[{"href":"https:\/\/blogs.hoy.es\/senderosextremadura\/wp-json\/wp\/v2\/posts"}],"about":[{"href":"https:\/\/blogs.hoy.es\/senderosextremadura\/wp-json\/wp\/v2\/types\/post"}],"author":[{"embeddable":true,"href":"https:\/\/blogs.hoy.es\/senderosextremadura\/wp-json\/wp\/v2\/users\/27"}],"replies":[{"embeddable":true,"href":"https:\/\/blogs.hoy.es\/senderosextremadura\/wp-json\/wp\/v2\/comments?post=3255"}],"version-history":[{"count":0,"href":"https:\/\/blogs.hoy.es\/senderosextremadura\/wp-json\/wp\/v2\/posts\/3255\/revisions"}],"wp:attachment":[{"href":"https:\/\/blogs.hoy.es\/senderosextremadura\/wp-json\/wp\/v2\/media?parent=3255"}],"wp:term":[{"taxonomy":"category","embeddable":true,"href":"https:\/\/blogs.hoy.es\/senderosextremadura\/wp-json\/wp\/v2\/categories?post=3255"},{"taxonomy":"post_tag","embeddable":true,"href":"https:\/\/blogs.hoy.es\/senderosextremadura\/wp-json\/wp\/v2\/tags?post=3255"}],"curies":[{"name":"wp","href":"https:\/\/api.w.org\/{rel}","templated":true}]}}