{"id":3258,"date":"2015-03-18T17:47:29","date_gmt":"2015-03-18T17:47:29","guid":{"rendered":"http:\/\/blogs.hoy.es\/senderosextremadura\/?p=3258"},"modified":"2015-03-18T17:47:29","modified_gmt":"2015-03-18T17:47:29","slug":"xvi-ruta-del-contrabando-con-trayecto-en-barco-entre-cedillo-y-montalvao-21-de-marzo","status":"publish","type":"post","link":"https:\/\/blogs.hoy.es\/senderosextremadura\/2015\/03\/18\/xvi-ruta-del-contrabando-con-trayecto-en-barco-entre-cedillo-y-montalvao-21-de-marzo\/","title":{"rendered":"XVI Ruta del Contrabando con trayecto en barco entre Cedillo y Montalv\u00e3o (21 de marzo)"},"content":{"rendered":"<p><a href=\"https:\/\/blogs.hoy.es\/senderosextremadura\/\"><img loading=\"lazy\" class=\"aligncenter size-large wp-image-3259\" title=\"\" src=\"\/senderosextremadura\/wp-content\/uploads\/sites\/22\/2015\/03\/ruta-contrabando.jpg\" alt=\"\" width=\"600\" height=\"345\" srcset=\"https:\/\/static-blogs.hoy.es\/wp-content\/uploads\/sites\/22\/2015\/03\/ruta-contrabando.jpg 2048w, https:\/\/static-blogs.hoy.es\/wp-content\/uploads\/sites\/22\/2015\/03\/ruta-contrabando-300x173.jpg 300w, https:\/\/static-blogs.hoy.es\/wp-content\/uploads\/sites\/22\/2015\/03\/ruta-contrabando-768x442.jpg 768w, https:\/\/static-blogs.hoy.es\/wp-content\/uploads\/sites\/22\/2015\/03\/ruta-contrabando-600x345.jpg 600w\" sizes=\"(max-width: 600px) 100vw, 600px\" \/><\/a><\/p>\n<p>Este fin de semana se celebra en el Alto Alentejo la <a href=\"http:\/\/rotacontrabando.blogspot.com.es\/\" target=\"_blank\" rel=\"external nofollow\"><strong>XVI Ruta del Contrabando<\/strong><\/a>. La marcha unir\u00e1 la localidad cacere\u00f1a de <strong>Cedillo, <\/strong>punto clave del Tajo Internacional, con la portuguesa de <strong>Montalv\u00e3o<\/strong>. Este marcha cumple este a\u00f1o su d\u00e9cimo sexta edici\u00f3n consecutiva, consolid\u00e1ndose como una de las actividades con mayor participaci\u00f3n a ambos lados de la frontera dentro del <strong>concejo de Nisa<\/strong>. <!--more--><br \/>\nLa Ruta del Contrabando no es solo una caminata. Es un recorrido por las emociones y experiencias de aquellos que vivieron esta forma de vida hace un pu\u00f1ado de d\u00e9cadas.\u00a0 La marcha tendr\u00e1 un recorrido de 14,5 kil\u00f3metros a uno y otro lado de la Raya: 10,4 kil\u00f3metros de recorriddo en Espa\u00f1a, desde Cedillo, pasando por la Fuente Nueva, La Rega\u00f1ada, bajando hasta el Regato del Gato, lugar de embarque para cruzar el <strong>r\u00edo Sever<\/strong>.<\/p>\n<p>En la aproximaci\u00f3n al r\u00edo, un momento \u00fanico, se accede a un <strong>mirador privilegiado<\/strong> para disfrutar de la frontera natural entre Espa\u00f1a y Portugal. Antes de llegar al Sever habr\u00e1 tiempo de contemplar las ruinas de la <strong>Casa Casa de Mayamao<\/strong>, sobre uma sepultura antropom\u00f3rfica, el D\u00f3lmen de la Sevillana y el deslumbrante espejo de agua en una peque\u00f1a represa.<\/p>\n<p>Recorridos unos de 10 kil\u00f3metros desde de Cedillo, surge por la izguierda y a lo largo de unos 600 metros, el Regato del Gato, ofreciendo el r\u00edo Sever en un m\u00e1xima plenitud.\u00a0 La traves\u00eda en barco de 100 metros discurre hasta la Azenha do Artur, con el\u00a0 desembarque ya en suelo lusitano.<\/p>\n<p><a href=\"https:\/\/blogs.hoy.es\/senderosextremadura\/\"><img loading=\"lazy\" class=\"aligncenter size-large wp-image-3261\" title=\"\" src=\"\/senderosextremadura\/wp-content\/uploads\/sites\/22\/2015\/03\/montalvao-cedillo.jpg\" alt=\"\" width=\"600\" height=\"397\" srcset=\"https:\/\/static-blogs.hoy.es\/wp-content\/uploads\/sites\/22\/2015\/03\/montalvao-cedillo.jpg 1478w, https:\/\/static-blogs.hoy.es\/wp-content\/uploads\/sites\/22\/2015\/03\/montalvao-cedillo-300x199.jpg 300w, https:\/\/static-blogs.hoy.es\/wp-content\/uploads\/sites\/22\/2015\/03\/montalvao-cedillo-768x509.jpg 768w, https:\/\/static-blogs.hoy.es\/wp-content\/uploads\/sites\/22\/2015\/03\/montalvao-cedillo-600x397.jpg 600w\" sizes=\"(max-width: 600px) 100vw, 600px\" \/><\/a><\/p>\n<p>A partir deste punto faltan solo cuatro kil\u00f3metros hasta llegar a Montalv\u00e3o, recorriendo parcialmente uno de los trayectos senderistas se\u00f1alizados en el concejo de Nisa.<\/p>\n<p>En esta zona del Alto Alentejo encontramos tambi\u00e9n puntos de inter\u00e9s como la localidad de <strong>Alpalhao<\/strong>, que este mismo fin de semana celebra su famosa <a href=\"https:\/\/www.facebook.com\/pages\/Feira-dos-Enchidos-de-Alpalh%C3%A3o\/731075936912947?ref=ts&#038;fref=ts\" target=\"_blank\" rel=\"external nofollow\"><strong>Feira dos Enchidos<\/strong><\/a> (embutidos). Adem\u00e1s de por la calidad de su granito, en Portugal este peque\u00f1o municipio es conocido por sus magn\u00edficos productos c\u00e1rnicos derivados de cerdo.<\/p>\n<div id=\"attachment_3262\" style=\"width: 520px\" class=\"wp-caption aligncenter\"><a href=\"https:\/\/blogs.hoy.es\/senderosextremadura\/\"><img aria-describedby=\"caption-attachment-3262\" loading=\"lazy\" class=\"size-full wp-image-3262\" title=\"\" src=\"\/senderosextremadura\/wp-content\/uploads\/sites\/22\/2015\/03\/paisaje.jpg\" alt=\"\" width=\"510\" height=\"680\" srcset=\"https:\/\/static-blogs.hoy.es\/wp-content\/uploads\/sites\/22\/2015\/03\/paisaje.jpg 510w, https:\/\/static-blogs.hoy.es\/wp-content\/uploads\/sites\/22\/2015\/03\/paisaje-225x300.jpg 225w\" sizes=\"(max-width: 510px) 100vw, 510px\" \/><\/a><p id=\"caption-attachment-3262\" class=\"wp-caption-text\">Puertas de Rodao encajonando el cauce del Tajo:: A.M.<\/p><\/div>\n<p>Si queremos aprovechar el fin de semana para conocer esta zona pendiente de descubrir para muchos extreme\u00f1os, uno de los alojamientos m\u00e1s recomendables es el <a href=\"http:\/\/oferplan.hoy.es\/plan-oferta\/extremadura\/Escapada-relax-para-2-en-el-Alentejo\/1855#ns_source=hoy.es&#038;ns_mchannel=320x396_au&#038;ns_linkname=portada&#038;ns_campaign=oferplanpubli&#038;ns_fee=0\" target=\"_blank\" rel=\"external nofollow\"><strong>hotel Spa Monte Filipe<\/strong><\/a>.<\/p>\n<p>Tambi\u00e9n se recomienda visitar el monumento natural las <a href=\"http:\/\/pt.wikipedia.org\/wiki\/Monumento_Natural_das_Portas_de_R%C3%B3d%C3%A3o\" rel=\"external nofollow\"><strong>Puertas de R\u00f3d\u00e3o<\/strong><\/a>,\u00a0 imponentes cuerpos rocosos, guardianes de las aguas del r\u00edo Tajo. Atalaya inmejorable para el avistamiento de aves rapaces.<\/p>\n<!-- AddThis Advanced Settings generic via filter on the_content --><!-- AddThis Share Buttons generic via filter on the_content -->","protected":false},"excerpt":{"rendered":"<p>Este fin de semana se celebra en el Alto Alentejo la XVI Ruta del Contrabando. La marcha unir\u00e1 la localidad cacere\u00f1a de Cedillo, punto clave del Tajo Internacional, con la portuguesa de Montalv\u00e3o. Este marcha cumple este a\u00f1o su d\u00e9cimo sexta edici\u00f3n consecutiva, consolid\u00e1ndose como una de las actividades con mayor participaci\u00f3n a ambos lados [&hellip;]<!-- AddThis Advanced Settings generic via filter on get_the_excerpt --><!-- AddThis Share Buttons generic via filter on get_the_excerpt --><\/p>\n","protected":false},"author":27,"featured_media":0,"comment_status":"open","ping_status":"closed","sticky":false,"template":"","format":"standard","meta":[],"categories":[4],"tags":[743,788,809],"_links":{"self":[{"href":"https:\/\/blogs.hoy.es\/senderosextremadura\/wp-json\/wp\/v2\/posts\/3258"}],"collection":[{"href":"https:\/\/blogs.hoy.es\/senderosextremadura\/wp-json\/wp\/v2\/posts"}],"about":[{"href":"https:\/\/blogs.hoy.es\/senderosextremadura\/wp-json\/wp\/v2\/types\/post"}],"author":[{"embeddable":true,"href":"https:\/\/blogs.hoy.es\/senderosextremadura\/wp-json\/wp\/v2\/users\/27"}],"replies":[{"embeddable":true,"href":"https:\/\/blogs.hoy.es\/senderosextremadura\/wp-json\/wp\/v2\/comments?post=3258"}],"version-history":[{"count":0,"href":"https:\/\/blogs.hoy.es\/senderosextremadura\/wp-json\/wp\/v2\/posts\/3258\/revisions"}],"wp:attachment":[{"href":"https:\/\/blogs.hoy.es\/senderosextremadura\/wp-json\/wp\/v2\/media?parent=3258"}],"wp:term":[{"taxonomy":"category","embeddable":true,"href":"https:\/\/blogs.hoy.es\/senderosextremadura\/wp-json\/wp\/v2\/categories?post=3258"},{"taxonomy":"post_tag","embeddable":true,"href":"https:\/\/blogs.hoy.es\/senderosextremadura\/wp-json\/wp\/v2\/tags?post=3258"}],"curies":[{"name":"wp","href":"https:\/\/api.w.org\/{rel}","templated":true}]}}