{"id":3271,"date":"2015-03-30T10:01:07","date_gmt":"2015-03-30T10:01:07","guid":{"rendered":"http:\/\/blogs.hoy.es\/senderosextremadura\/?p=3271"},"modified":"2015-03-30T10:01:07","modified_gmt":"2015-03-30T10:01:07","slug":"prisinas-recorrera-la-ruta-de-la-rosa-de-alejandria-5-de-abril","status":"publish","type":"post","link":"https:\/\/blogs.hoy.es\/senderosextremadura\/2015\/03\/30\/prisinas-recorrera-la-ruta-de-la-rosa-de-alejandria-5-de-abril\/","title":{"rendered":"Prisi\u00f1as recorrera la Ruta de la Rosa de Alejandr\u00eda (5 de abril)"},"content":{"rendered":"<p><a href=\"https:\/\/blogs.hoy.es\/senderosextremadura\/\"><img loading=\"lazy\" class=\"aligncenter  wp-image-3272\" title=\"\" src=\"\/senderosextremadura\/wp-content\/uploads\/sites\/22\/2015\/03\/rosa-alejandria.jpg\" alt=\"\" width=\"563\" height=\"318\" srcset=\"https:\/\/static-blogs.hoy.es\/wp-content\/uploads\/sites\/22\/2015\/03\/rosa-alejandria.jpg 1280w, https:\/\/static-blogs.hoy.es\/wp-content\/uploads\/sites\/22\/2015\/03\/rosa-alejandria-300x170.jpg 300w, https:\/\/static-blogs.hoy.es\/wp-content\/uploads\/sites\/22\/2015\/03\/rosa-alejandria-768x434.jpg 768w, https:\/\/static-blogs.hoy.es\/wp-content\/uploads\/sites\/22\/2015\/03\/rosa-alejandria-600x339.jpg 600w\" sizes=\"(max-width: 563px) 100vw, 563px\" \/><\/a><br \/>\n<strong>Olivenza<\/strong> acoge el 5 de abril la <strong>Ruta de la Rosa de Alejandr\u00eda<\/strong>. Las sierras con densas\u00a0 dehesas, olivares y bosque mediterr\u00e1neo de la localidad pacense atesoran en <strong>primavera<\/strong> hermosas especies florales como la orqu\u00eddea o la peculiar rosa de Alejandr\u00eda.\u00a0 La marcha de 20 kil\u00f3metros y dificultad media ha sido oganizada por el <strong>club Prisi\u00f1as<\/strong>. La inscripci\u00f3n es gratuita y puede hacerse <a href=\"http:\/\/clubsenderistaolivenza.es\/\" target=\"_blank\" rel=\"external nofollow\"><strong>a trav\u00e9s de la web del club.<\/strong><\/a>\u00a0 Las plazas son limitadas.<!--more-->Al finalizar la caminata se ofrecer\u00e1 una <strong>comida a los asistentes<\/strong>. La salida tendr\u00e1 lugar a las ocho de la ma\u00f1ana desde el bar el bar El Tiro, en el campo de tiro a l plato de la localidad pacense.<\/p>\n<!-- AddThis Advanced Settings generic via filter on the_content --><!-- AddThis Share Buttons generic via filter on the_content -->","protected":false},"excerpt":{"rendered":"<p>Olivenza acoge el 5 de abril la Ruta de la Rosa de Alejandr\u00eda. Las sierras con densas\u00a0 dehesas, olivares y bosque mediterr\u00e1neo de la localidad pacense atesoran en primavera hermosas especies florales como la orqu\u00eddea o la peculiar rosa de Alejandr\u00eda.\u00a0 La marcha de 20 kil\u00f3metros y dificultad media ha sido oganizada por el club [&hellip;]<!-- AddThis Advanced Settings generic via filter on get_the_excerpt --><!-- AddThis Share Buttons generic via filter on get_the_excerpt --><\/p>\n","protected":false},"author":27,"featured_media":0,"comment_status":"open","ping_status":"closed","sticky":false,"template":"","format":"standard","meta":[],"categories":[4],"tags":[587,817,917],"_links":{"self":[{"href":"https:\/\/blogs.hoy.es\/senderosextremadura\/wp-json\/wp\/v2\/posts\/3271"}],"collection":[{"href":"https:\/\/blogs.hoy.es\/senderosextremadura\/wp-json\/wp\/v2\/posts"}],"about":[{"href":"https:\/\/blogs.hoy.es\/senderosextremadura\/wp-json\/wp\/v2\/types\/post"}],"author":[{"embeddable":true,"href":"https:\/\/blogs.hoy.es\/senderosextremadura\/wp-json\/wp\/v2\/users\/27"}],"replies":[{"embeddable":true,"href":"https:\/\/blogs.hoy.es\/senderosextremadura\/wp-json\/wp\/v2\/comments?post=3271"}],"version-history":[{"count":0,"href":"https:\/\/blogs.hoy.es\/senderosextremadura\/wp-json\/wp\/v2\/posts\/3271\/revisions"}],"wp:attachment":[{"href":"https:\/\/blogs.hoy.es\/senderosextremadura\/wp-json\/wp\/v2\/media?parent=3271"}],"wp:term":[{"taxonomy":"category","embeddable":true,"href":"https:\/\/blogs.hoy.es\/senderosextremadura\/wp-json\/wp\/v2\/categories?post=3271"},{"taxonomy":"post_tag","embeddable":true,"href":"https:\/\/blogs.hoy.es\/senderosextremadura\/wp-json\/wp\/v2\/tags?post=3271"}],"curies":[{"name":"wp","href":"https:\/\/api.w.org\/{rel}","templated":true}]}}