{"id":3274,"date":"2015-03-30T10:18:05","date_gmt":"2015-03-30T10:18:05","guid":{"rendered":"http:\/\/blogs.hoy.es\/senderosextremadura\/?p=3274"},"modified":"2015-03-30T10:18:05","modified_gmt":"2015-03-30T10:18:05","slug":"el-x-certamen-gastronomico-del-cerdo-iberico-incluye-ruta-por-barcarrota-19-de-marzo","status":"publish","type":"post","link":"https:\/\/blogs.hoy.es\/senderosextremadura\/2015\/03\/30\/el-x-certamen-gastronomico-del-cerdo-iberico-incluye-ruta-por-barcarrota-19-de-marzo\/","title":{"rendered":"El X Certamen Gastron\u00f3mico del Cerdo Ib\u00e9rico incluye ruta por Barcarrota (19 de marzo)"},"content":{"rendered":"<p><a href=\"https:\/\/blogs.hoy.es\/senderosextremadura\/\"><img loading=\"lazy\" class=\"aligncenter  wp-image-3275\" title=\"\" src=\"\/senderosextremadura\/wp-content\/uploads\/sites\/22\/2015\/03\/barcarrota.jpg\" alt=\"\" width=\"558\" height=\"315\" srcset=\"https:\/\/static-blogs.hoy.es\/wp-content\/uploads\/sites\/22\/2015\/03\/barcarrota.jpg 1280w, https:\/\/static-blogs.hoy.es\/wp-content\/uploads\/sites\/22\/2015\/03\/barcarrota-300x170.jpg 300w, https:\/\/static-blogs.hoy.es\/wp-content\/uploads\/sites\/22\/2015\/03\/barcarrota-768x434.jpg 768w, https:\/\/static-blogs.hoy.es\/wp-content\/uploads\/sites\/22\/2015\/03\/barcarrota-600x339.jpg 600w\" sizes=\"(max-width: 558px) 100vw, 558px\" \/><\/a><\/p>\n<p><strong>Barcarrota<\/strong> acoger\u00e1 el 19 de abrirl el<strong> X Certamen Gastron\u00f3mico del Cerdo Ib\u00e9rico<\/strong>. Con motivo de esta jornada el Ayuntamiento de la localidad pacense ha programado una<strong> Ruta Senderista El Puerto, con un recorrido de 17 kil\u00f3metros<\/strong> y dificultad baja. La marcha arrancar\u00e1 en la plaza de Francisca Sosa a las 9.30 horas. Se realizar\u00e1 una parada para avituallamiento y al finalizar habr\u00e1 una degustaci\u00f3n de patatas con costilla y gazpacho. La inscripci\u00f3n es gratuita pero debe realizarse antes del 14 de abril.<\/p>\n<p>M\u00e1s informaci\u00f3n, en el <a href=\"http:\/\/barcarrotasenderismo.blogspot.com.es\/\" target=\"_blank\" rel=\"external nofollow\"><strong>blog del club local Puerto Socola.<\/strong><\/a><\/p>\n<!-- AddThis Advanced Settings generic via filter on the_content --><!-- AddThis Share Buttons generic via filter on the_content -->","protected":false},"excerpt":{"rendered":"<p>Barcarrota acoger\u00e1 el 19 de abrirl el X Certamen Gastron\u00f3mico del Cerdo Ib\u00e9rico. Con motivo de esta jornada el Ayuntamiento de la localidad pacense ha programado una Ruta Senderista El Puerto, con un recorrido de 17 kil\u00f3metros y dificultad baja. La marcha arrancar\u00e1 en la plaza de Francisca Sosa a las 9.30 horas. Se realizar\u00e1 [&hellip;]<!-- AddThis Advanced Settings generic via filter on get_the_excerpt --><!-- AddThis Share Buttons generic via filter on get_the_excerpt --><\/p>\n","protected":false},"author":27,"featured_media":0,"comment_status":"open","ping_status":"closed","sticky":false,"template":"","format":"standard","meta":[],"categories":[4],"tags":[91,817,917],"_links":{"self":[{"href":"https:\/\/blogs.hoy.es\/senderosextremadura\/wp-json\/wp\/v2\/posts\/3274"}],"collection":[{"href":"https:\/\/blogs.hoy.es\/senderosextremadura\/wp-json\/wp\/v2\/posts"}],"about":[{"href":"https:\/\/blogs.hoy.es\/senderosextremadura\/wp-json\/wp\/v2\/types\/post"}],"author":[{"embeddable":true,"href":"https:\/\/blogs.hoy.es\/senderosextremadura\/wp-json\/wp\/v2\/users\/27"}],"replies":[{"embeddable":true,"href":"https:\/\/blogs.hoy.es\/senderosextremadura\/wp-json\/wp\/v2\/comments?post=3274"}],"version-history":[{"count":0,"href":"https:\/\/blogs.hoy.es\/senderosextremadura\/wp-json\/wp\/v2\/posts\/3274\/revisions"}],"wp:attachment":[{"href":"https:\/\/blogs.hoy.es\/senderosextremadura\/wp-json\/wp\/v2\/media?parent=3274"}],"wp:term":[{"taxonomy":"category","embeddable":true,"href":"https:\/\/blogs.hoy.es\/senderosextremadura\/wp-json\/wp\/v2\/categories?post=3274"},{"taxonomy":"post_tag","embeddable":true,"href":"https:\/\/blogs.hoy.es\/senderosextremadura\/wp-json\/wp\/v2\/tags?post=3274"}],"curies":[{"name":"wp","href":"https:\/\/api.w.org\/{rel}","templated":true}]}}