{"id":3303,"date":"2015-04-14T15:37:41","date_gmt":"2015-04-14T15:37:41","guid":{"rendered":"http:\/\/blogs.hoy.es\/senderosextremadura\/?p=3303"},"modified":"2015-04-14T15:37:41","modified_gmt":"2015-04-14T15:37:41","slug":"ii-travesia-senderista-por-la-sierra-de-gata-26-de-abril","status":"publish","type":"post","link":"https:\/\/blogs.hoy.es\/senderosextremadura\/2015\/04\/14\/ii-travesia-senderista-por-la-sierra-de-gata-26-de-abril\/","title":{"rendered":"II Traves\u00eda senderista por la Sierra de Gata (26 de abril)"},"content":{"rendered":"<p><a href=\"https:\/\/blogs.hoy.es\/senderosextremadura\/\"><img loading=\"lazy\" class=\"aligncenter  wp-image-3305\" title=\"\" src=\"\/senderosextremadura\/wp-content\/uploads\/sites\/22\/2015\/04\/sierra-gata.jpg\" alt=\"\" width=\"600\" height=\"338\" srcset=\"https:\/\/static-blogs.hoy.es\/wp-content\/uploads\/sites\/22\/2015\/04\/sierra-gata.jpg 960w, https:\/\/static-blogs.hoy.es\/wp-content\/uploads\/sites\/22\/2015\/04\/sierra-gata-300x169.jpg 300w, https:\/\/static-blogs.hoy.es\/wp-content\/uploads\/sites\/22\/2015\/04\/sierra-gata-768x433.jpg 768w, https:\/\/static-blogs.hoy.es\/wp-content\/uploads\/sites\/22\/2015\/04\/sierra-gata-600x338.jpg 600w\" sizes=\"(max-width: 600px) 100vw, 600px\" \/><\/a><\/p>\n<p>El pr\u00f3ximo d\u00eda 26 de abril se llevar\u00e1 a cabo la II Traves\u00eda de senderismo Sierra de Gata. La salida tendr\u00e1 lugar en la localidad cacere\u00f1a de Gata y finalizar\u00e1 en el municipio de San Mart\u00edn de Trevejo. La marcha ha sido organizada por Ademoxa.<!--more--><\/p>\n<p>Habr\u00e1 dos rutas. La primera discurrir\u00e1 entre las localidades de Gata y San Mart\u00edn de Trevejo. Recorrer\u00e1 una distancia de 33 kil\u00f3metros, con una dificultad alta, y una duraci\u00f3n de 8 horas. La otra marcha\u00a0 ser\u00e1 m\u00e1s corta y comenzar\u00e1 en Perales del Puerto a San Mart\u00edn,\u00a0 con la salida del autob\u00fas a las 10 de la ma\u00f1ana. En este caso se recorrer\u00e1 una distancia de 19 kil\u00f3metros. El trayecto, de dificultad media- baja, tendr\u00e1 una duraci\u00f3n de cinco horas.<\/p>\n<p>La fecha l\u00edmite de inscripci\u00f3n ser\u00e1 el d\u00eda 21 de abril, a trav\u00e9s del correo electr\u00f3nico <a href=\"mailto:ademoxa@hotmail.es\" target=\"_blank\">ademoxa@hotmail.es<\/a>.\u00a0 El precio de inscripci\u00f3n es de 10 euros. La salida de autob\u00fas tendr\u00e1 lugar de la avenida de Extremadura, n\u00famero 10 de Moraleja. Las inscripciones se pueden realizar en los tel\u00e9fonos 927 51 53 80, 615 94 91 20 y 690 93 63 92. La cuenta para el ingreso de cuota de inscripci\u00f3n es el IBAN ES 86 2048 1210 95 3400018055.<\/p>\n<!-- AddThis Advanced Settings generic via filter on the_content --><!-- AddThis Share Buttons generic via filter on the_content -->","protected":false},"excerpt":{"rendered":"<p>El pr\u00f3ximo d\u00eda 26 de abril se llevar\u00e1 a cabo la II Traves\u00eda de senderismo Sierra de Gata. La salida tendr\u00e1 lugar en la localidad cacere\u00f1a de Gata y finalizar\u00e1 en el municipio de San Mart\u00edn de Trevejo. La marcha ha sido organizada por Ademoxa.<!-- AddThis Advanced Settings generic via filter on get_the_excerpt --><!-- AddThis Share Buttons generic via filter on get_the_excerpt --><\/p>\n","protected":false},"author":27,"featured_media":0,"comment_status":"open","ping_status":"closed","sticky":false,"template":"","format":"standard","meta":[],"categories":[4],"tags":[622,821,836,887,906,944,977],"_links":{"self":[{"href":"https:\/\/blogs.hoy.es\/senderosextremadura\/wp-json\/wp\/v2\/posts\/3303"}],"collection":[{"href":"https:\/\/blogs.hoy.es\/senderosextremadura\/wp-json\/wp\/v2\/posts"}],"about":[{"href":"https:\/\/blogs.hoy.es\/senderosextremadura\/wp-json\/wp\/v2\/types\/post"}],"author":[{"embeddable":true,"href":"https:\/\/blogs.hoy.es\/senderosextremadura\/wp-json\/wp\/v2\/users\/27"}],"replies":[{"embeddable":true,"href":"https:\/\/blogs.hoy.es\/senderosextremadura\/wp-json\/wp\/v2\/comments?post=3303"}],"version-history":[{"count":0,"href":"https:\/\/blogs.hoy.es\/senderosextremadura\/wp-json\/wp\/v2\/posts\/3303\/revisions"}],"wp:attachment":[{"href":"https:\/\/blogs.hoy.es\/senderosextremadura\/wp-json\/wp\/v2\/media?parent=3303"}],"wp:term":[{"taxonomy":"category","embeddable":true,"href":"https:\/\/blogs.hoy.es\/senderosextremadura\/wp-json\/wp\/v2\/categories?post=3303"},{"taxonomy":"post_tag","embeddable":true,"href":"https:\/\/blogs.hoy.es\/senderosextremadura\/wp-json\/wp\/v2\/tags?post=3303"}],"curies":[{"name":"wp","href":"https:\/\/api.w.org\/{rel}","templated":true}]}}