{"id":3306,"date":"2015-04-14T15:58:04","date_gmt":"2015-04-14T15:58:04","guid":{"rendered":"http:\/\/blogs.hoy.es\/senderosextremadura\/?p=3306"},"modified":"2015-04-14T15:58:04","modified_gmt":"2015-04-14T15:58:04","slug":"caminata-entre-encinas-centenarias-y-el-embalse-de-villalba-26-de-abril","status":"publish","type":"post","link":"https:\/\/blogs.hoy.es\/senderosextremadura\/2015\/04\/14\/caminata-entre-encinas-centenarias-y-el-embalse-de-villalba-26-de-abril\/","title":{"rendered":"Caminata entre encinas centenarias y el embalse de Villalba (26 de abril)"},"content":{"rendered":"<div id=\"attachment_3307\" style=\"width: 500px\" class=\"wp-caption aligncenter\"><a href=\"https:\/\/blogs.hoy.es\/senderosextremadura\/\"><img aria-describedby=\"caption-attachment-3307\" loading=\"lazy\" class=\"size-full wp-image-3307\" title=\"\" src=\"\/senderosextremadura\/wp-content\/uploads\/sites\/22\/2015\/04\/senderistas.jpg\" alt=\"\" width=\"490\" height=\"490\" srcset=\"https:\/\/static-blogs.hoy.es\/wp-content\/uploads\/sites\/22\/2015\/04\/senderistas.jpg 490w, https:\/\/static-blogs.hoy.es\/wp-content\/uploads\/sites\/22\/2015\/04\/senderistas-150x150.jpg 150w, https:\/\/static-blogs.hoy.es\/wp-content\/uploads\/sites\/22\/2015\/04\/senderistas-300x300.jpg 300w\" sizes=\"(max-width: 490px) 100vw, 490px\" \/><\/a><p id=\"caption-attachment-3307\" class=\"wp-caption-text\">Senderistas de Villalba<\/p><\/div>\n<p>La segunda edici\u00f3n de la ruta senderista Monte Virgen promete un paisaje espectacular con encinas centenarias a un lado y el embalse de Villalba de los Barros al otro. Los caminantes podr\u00e1n disfrutar de una caminata primaveral el aroma de jaras, romeros y lentiscos, aves acu\u00e1ticas entregadas a los lances nupciales guiados por una excelente se\u00f1alizaci\u00f3n y organizaci\u00f3n fruto de la experiencia de eventos anteriores\u2026.<!--more--><\/p>\n<p>El domingo 26 de abril todos los amantes de la naturaleza y de este saludable deporte tienen la opci\u00f3n de elegir entre dos recorridos alternativos de 12 o 24 kms para que se adaptan al nivel de cualquier persona.<\/p>\n<p>En la primera edici\u00f3n fueron 305 los senderistas inscritos y este a\u00f1o los organizadores esperan llegar a los 500.<\/p>\n<p>El importe de la inscripci\u00f3n es un donativo destinado \u00edntegramente a la restauraci\u00f3n de la Iglesia del siglo XVI de Villalba de los Barros.<\/p>\n<p>La p\u00e1gina <em><a href=\"https:\/\/facebook.com\/senderistamontevirgen\" target=\"_blank\" rel=\"external nofollow\">facebook.com\/senderista<strong>montevi<wbr>rgen<\/wbr><\/strong><\/a><\/em> incluye todos los detalles, plazos, horarios y forma de apuntarse. El plazo est\u00e1 abierto hasta el 23 de abril.<\/p>\n<!-- AddThis Advanced Settings generic via filter on the_content --><!-- AddThis Share Buttons generic via filter on the_content -->","protected":false},"excerpt":{"rendered":"<p>La segunda edici\u00f3n de la ruta senderista Monte Virgen promete un paisaje espectacular con encinas centenarias a un lado y el embalse de Villalba de los Barros al otro. Los caminantes podr\u00e1n disfrutar de una caminata primaveral el aroma de jaras, romeros y lentiscos, aves acu\u00e1ticas entregadas a los lances nupciales guiados por una excelente [&hellip;]<!-- AddThis Advanced Settings generic via filter on get_the_excerpt --><!-- AddThis Share Buttons generic via filter on get_the_excerpt --><\/p>\n","protected":false},"author":27,"featured_media":0,"comment_status":"open","ping_status":"closed","sticky":false,"template":"","format":"standard","meta":[],"categories":[4],"tags":[301,817,906,1083],"_links":{"self":[{"href":"https:\/\/blogs.hoy.es\/senderosextremadura\/wp-json\/wp\/v2\/posts\/3306"}],"collection":[{"href":"https:\/\/blogs.hoy.es\/senderosextremadura\/wp-json\/wp\/v2\/posts"}],"about":[{"href":"https:\/\/blogs.hoy.es\/senderosextremadura\/wp-json\/wp\/v2\/types\/post"}],"author":[{"embeddable":true,"href":"https:\/\/blogs.hoy.es\/senderosextremadura\/wp-json\/wp\/v2\/users\/27"}],"replies":[{"embeddable":true,"href":"https:\/\/blogs.hoy.es\/senderosextremadura\/wp-json\/wp\/v2\/comments?post=3306"}],"version-history":[{"count":0,"href":"https:\/\/blogs.hoy.es\/senderosextremadura\/wp-json\/wp\/v2\/posts\/3306\/revisions"}],"wp:attachment":[{"href":"https:\/\/blogs.hoy.es\/senderosextremadura\/wp-json\/wp\/v2\/media?parent=3306"}],"wp:term":[{"taxonomy":"category","embeddable":true,"href":"https:\/\/blogs.hoy.es\/senderosextremadura\/wp-json\/wp\/v2\/categories?post=3306"},{"taxonomy":"post_tag","embeddable":true,"href":"https:\/\/blogs.hoy.es\/senderosextremadura\/wp-json\/wp\/v2\/tags?post=3306"}],"curies":[{"name":"wp","href":"https:\/\/api.w.org\/{rel}","templated":true}]}}