{"id":3309,"date":"2015-04-14T19:30:34","date_gmt":"2015-04-14T19:30:34","guid":{"rendered":"http:\/\/blogs.hoy.es\/senderosextremadura\/?p=3309"},"modified":"2015-04-14T19:30:34","modified_gmt":"2015-04-14T19:30:34","slug":"la-ruta-al-roble-romanejo-ofrece-vistas-del-embalse-gabriel-y-galan-19-de-abril","status":"publish","type":"post","link":"https:\/\/blogs.hoy.es\/senderosextremadura\/2015\/04\/14\/la-ruta-al-roble-romanejo-ofrece-vistas-del-embalse-gabriel-y-galan-19-de-abril\/","title":{"rendered":"La ruta al roble Romanejo ofrece vistas del embalse Gabriel y Gal\u00e1n (19 de abril)"},"content":{"rendered":"<p>&nbsp;<\/p>\n<p>El programa <strong>Primavera Viva de la comarca Tierras de Granadilla<\/strong> incluye la II Ruta Rosalejo. La marcha, que tendr\u00e1 lugar el pr\u00f3ximo domingo 19 de abril, es circular y recorre unos 18 km. Ha sido organizada por el <strong>Ceder C\u00e1parra<\/strong> con apoyo del ayuntamiento de Cabezabellosa, punto de inicio y destino de la marcha.<\/p>\n<p><strong>Recorrido<\/strong><\/p>\n<p>Tras la salida desde la plaza del Ayuntamiento de Cabezabellosa, habr\u00e1 una subida moderada con vistas a la comarca y al embalse Gabriel y Gal\u00e1n, y a la Sierra de Francia. Una vez pasado el pico m\u00e1s alto y tras un descenso, comienza la bajada por la ladera opuesta observando el Valle del Jerte y Plasencia. Los senderistas se econtrar\u00e1n en el camino al Roble Romanejo o Roble del Acarreadero, \u00c1rbol Singular de Extremadura por sus 600 a\u00f1os de antig\u00fcedad. De regreso a Cabezabellosa, los caminantes disfrutar\u00e1n de un refresco y un bocadillo ofrecido por el Ayuntamiento\u00a0 en los bares y restaurantes de la localidad.<\/p>\n<p>Las inscripciones pueden realizarse antes del jueves 16 de abril contactando con Ceder C\u00e1parra en el 927 024 390m, o a trav\u00e9s del mail <strong>primaveraviva@cedercaparra.es<\/strong>. El precio es de tres euros.<\/p>\n<!-- AddThis Advanced Settings generic via filter on the_content --><!-- AddThis Share Buttons generic via filter on the_content -->","protected":false},"excerpt":{"rendered":"<p>&nbsp; El programa Primavera Viva de la comarca Tierras de Granadilla incluye la II Ruta Rosalejo. La marcha, que tendr\u00e1 lugar el pr\u00f3ximo domingo 19 de abril, es circular y recorre unos 18 km. Ha sido organizada por el Ceder C\u00e1parra con apoyo del ayuntamiento de Cabezabellosa, punto de inicio y destino de la marcha. [&hellip;]<!-- AddThis Advanced Settings generic via filter on get_the_excerpt --><!-- AddThis Share Buttons generic via filter on get_the_excerpt --><\/p>\n","protected":false},"author":27,"featured_media":0,"comment_status":"open","ping_status":"closed","sticky":false,"template":"","format":"standard","meta":[],"categories":[4],"tags":[120,188,821,873,906,944],"_links":{"self":[{"href":"https:\/\/blogs.hoy.es\/senderosextremadura\/wp-json\/wp\/v2\/posts\/3309"}],"collection":[{"href":"https:\/\/blogs.hoy.es\/senderosextremadura\/wp-json\/wp\/v2\/posts"}],"about":[{"href":"https:\/\/blogs.hoy.es\/senderosextremadura\/wp-json\/wp\/v2\/types\/post"}],"author":[{"embeddable":true,"href":"https:\/\/blogs.hoy.es\/senderosextremadura\/wp-json\/wp\/v2\/users\/27"}],"replies":[{"embeddable":true,"href":"https:\/\/blogs.hoy.es\/senderosextremadura\/wp-json\/wp\/v2\/comments?post=3309"}],"version-history":[{"count":0,"href":"https:\/\/blogs.hoy.es\/senderosextremadura\/wp-json\/wp\/v2\/posts\/3309\/revisions"}],"wp:attachment":[{"href":"https:\/\/blogs.hoy.es\/senderosextremadura\/wp-json\/wp\/v2\/media?parent=3309"}],"wp:term":[{"taxonomy":"category","embeddable":true,"href":"https:\/\/blogs.hoy.es\/senderosextremadura\/wp-json\/wp\/v2\/categories?post=3309"},{"taxonomy":"post_tag","embeddable":true,"href":"https:\/\/blogs.hoy.es\/senderosextremadura\/wp-json\/wp\/v2\/tags?post=3309"}],"curies":[{"name":"wp","href":"https:\/\/api.w.org\/{rel}","templated":true}]}}