{"id":3314,"date":"2015-04-17T17:33:40","date_gmt":"2015-04-17T17:33:40","guid":{"rendered":"http:\/\/blogs.hoy.es\/senderosextremadura\/?p=3314"},"modified":"2015-04-17T17:33:40","modified_gmt":"2015-04-17T17:33:40","slug":"recorren-el-ultimo-tramo-del-historico-viaje-de-alfonso-xiii-por-las-hurdes","status":"publish","type":"post","link":"https:\/\/blogs.hoy.es\/senderosextremadura\/2015\/04\/17\/recorren-el-ultimo-tramo-del-historico-viaje-de-alfonso-xiii-por-las-hurdes\/","title":{"rendered":"Recorren el \u00faltimo tramo del hist\u00f3rico viaje de Alfonso XIII por Las Hurdes"},"content":{"rendered":"<p><a href=\"https:\/\/blogs.hoy.es\/senderosextremadura\/\"><img loading=\"lazy\" class=\"aligncenter size-large wp-image-3315\" title=\"\" src=\"\/senderosextremadura\/wp-content\/uploads\/sites\/22\/2015\/04\/alfonso.jpg\" alt=\"\" width=\"600\" height=\"450\" srcset=\"https:\/\/static-blogs.hoy.es\/wp-content\/uploads\/sites\/22\/2015\/04\/alfonso.jpg 768w, https:\/\/static-blogs.hoy.es\/wp-content\/uploads\/sites\/22\/2015\/04\/alfonso-300x225.jpg 300w, https:\/\/static-blogs.hoy.es\/wp-content\/uploads\/sites\/22\/2015\/04\/alfonso-600x450.jpg 600w\" sizes=\"(max-width: 600px) 100vw, 600px\" \/><\/a><\/p>\n<p>Una ruta senderista recordar\u00e1 ma\u00f1ana el recorrido que el Rey Alfonso XIII realiz\u00f3 por Las Hurdes, en lo que fue el \u00faltimo tramo del hist\u00f3rico viaje que hizo el monarca a la comarca cacere\u00f1a en el a\u00f1o 1922.<br \/>\nLa ruta, organizada por la Mancomunidad de Municipios de Las Hurdes, pretende satisfacer el &#8220;creciente inter\u00e9s&#8221; de los caminantes por recorrer caminos hist\u00f3ricos como medio para conocer con m\u00e1s detalle los recursos end\u00f3genos de los lugares donde se insertan, seg\u00fan ha informado en una nota.<!--more--><br \/>\nAs\u00ed, con motivo del viaje del Rey Alfonso XIII realiz\u00f3 a la comarca, se ha creado una senda que lleva su nombre y que &#8220;permite rememorar aquella y adentrarse en los lugares donde estuvo para comprobar de primera mano, en la actualidad, un sin fin de sensaciones&#8221;, asegura la organizaci\u00f3n.<br \/>\nEl recorrido abarca el \u00faltimo tramo del viaje real, entre las localidades de Casares de Las Hurdes y Las Mestas, con paso por Riomalo de Arriba, Ladrillar y Cabezo.<br \/>\nEn total, 22 kil\u00f3metros de recorrido homologado que discurre casi en su totalidad por la senda original.<br \/>\nLa ruta estren\u00f3 el a\u00f1o pasado una nueva se\u00f1alizaci\u00f3n, que permite a los senderistas tener durante todo el recorrido una informaci\u00f3n detallada de las distancias a cada localidad, nombre de los lugares de paso y la posibilidad de poder realizar la senda en ambos sentidos, Casares-Las Mestas o Las Mestas-Casares.<br \/>\nA tenor de la progresi\u00f3n ascendente en cuanto a participaci\u00f3n se refiere, se calcula que este a\u00f1o se superar\u00e1n las 300 personas venidas de las distintas localidades extreme\u00f1as y de las colindantes de Salamanca, B\u00e9jar, Ciudad Rodrigo y La Alberca.<\/p>\n<p>Fuente: EFE<\/p>\n<!-- AddThis Advanced Settings generic via filter on the_content --><!-- AddThis Share Buttons generic via filter on the_content -->","protected":false},"excerpt":{"rendered":"<p>Una ruta senderista recordar\u00e1 ma\u00f1ana el recorrido que el Rey Alfonso XIII realiz\u00f3 por Las Hurdes, en lo que fue el \u00faltimo tramo del hist\u00f3rico viaje que hizo el monarca a la comarca cacere\u00f1a en el a\u00f1o 1922. La ruta, organizada por la Mancomunidad de Municipios de Las Hurdes, pretende satisfacer el &#8220;creciente inter\u00e9s&#8221; de [&hellip;]<!-- AddThis Advanced Settings generic via filter on get_the_excerpt --><!-- AddThis Share Buttons generic via filter on get_the_excerpt --><\/p>\n","protected":false},"author":27,"featured_media":0,"comment_status":"open","ping_status":"closed","sticky":false,"template":"","format":"standard","meta":[],"categories":[4],"tags":[30,121,301,444,821,906,944,1035],"_links":{"self":[{"href":"https:\/\/blogs.hoy.es\/senderosextremadura\/wp-json\/wp\/v2\/posts\/3314"}],"collection":[{"href":"https:\/\/blogs.hoy.es\/senderosextremadura\/wp-json\/wp\/v2\/posts"}],"about":[{"href":"https:\/\/blogs.hoy.es\/senderosextremadura\/wp-json\/wp\/v2\/types\/post"}],"author":[{"embeddable":true,"href":"https:\/\/blogs.hoy.es\/senderosextremadura\/wp-json\/wp\/v2\/users\/27"}],"replies":[{"embeddable":true,"href":"https:\/\/blogs.hoy.es\/senderosextremadura\/wp-json\/wp\/v2\/comments?post=3314"}],"version-history":[{"count":0,"href":"https:\/\/blogs.hoy.es\/senderosextremadura\/wp-json\/wp\/v2\/posts\/3314\/revisions"}],"wp:attachment":[{"href":"https:\/\/blogs.hoy.es\/senderosextremadura\/wp-json\/wp\/v2\/media?parent=3314"}],"wp:term":[{"taxonomy":"category","embeddable":true,"href":"https:\/\/blogs.hoy.es\/senderosextremadura\/wp-json\/wp\/v2\/categories?post=3314"},{"taxonomy":"post_tag","embeddable":true,"href":"https:\/\/blogs.hoy.es\/senderosextremadura\/wp-json\/wp\/v2\/tags?post=3314"}],"curies":[{"name":"wp","href":"https:\/\/api.w.org\/{rel}","templated":true}]}}