{"id":3317,"date":"2015-04-20T10:12:41","date_gmt":"2015-04-20T10:12:41","guid":{"rendered":"http:\/\/blogs.hoy.es\/senderosextremadura\/?p=3317"},"modified":"2015-04-20T10:12:41","modified_gmt":"2015-04-20T10:12:41","slug":"ruta-de-los-galapagos-por-higuera-de-vargas-26-de-abril","status":"publish","type":"post","link":"https:\/\/blogs.hoy.es\/senderosextremadura\/2015\/04\/20\/ruta-de-los-galapagos-por-higuera-de-vargas-26-de-abril\/","title":{"rendered":"Higuera de Vargas invita a su Ruta de los Gal\u00e1pagos (26 de abril)"},"content":{"rendered":"<p><a href=\"https:\/\/blogs.hoy.es\/senderosextremadura\/\"><img loading=\"lazy\" class=\"aligncenter size-large wp-image-3318\" title=\"\" src=\"\/senderosextremadura\/wp-content\/uploads\/sites\/22\/2015\/04\/castillo.jpg\" alt=\"\" width=\"600\" height=\"450\" srcset=\"https:\/\/static-blogs.hoy.es\/wp-content\/uploads\/sites\/22\/2015\/04\/castillo.jpg 769w, https:\/\/static-blogs.hoy.es\/wp-content\/uploads\/sites\/22\/2015\/04\/castillo-300x225.jpg 300w, https:\/\/static-blogs.hoy.es\/wp-content\/uploads\/sites\/22\/2015\/04\/castillo-768x576.jpg 768w, https:\/\/static-blogs.hoy.es\/wp-content\/uploads\/sites\/22\/2015\/04\/castillo-600x450.jpg 600w\" sizes=\"(max-width: 600px) 100vw, 600px\" \/><\/a><br \/>\nLa <strong>Universidad Popular de Higuera de Vargas<\/strong> ha organizado la Ruta de los Gal\u00e1pagos por la localidad pacense. La marcha de 15 kil\u00f3metros tiene dificultad baja. Los caminantes saldr\u00e1n a las nueve de la ma\u00f1ana desde la <strong>plaza del Castillo<\/strong>.\u00a0 No es necesario inscribirse, solamente estar all\u00ed a la hora de salida.<\/p>\n<!-- AddThis Advanced Settings generic via filter on the_content --><!-- AddThis Share Buttons generic via filter on the_content -->","protected":false},"excerpt":{"rendered":"<p>La Universidad Popular de Higuera de Vargas ha organizado la Ruta de los Gal\u00e1pagos por la localidad pacense. La marcha de 15 kil\u00f3metros tiene dificultad baja. Los caminantes saldr\u00e1n a las nueve de la ma\u00f1ana desde la plaza del Castillo.\u00a0 No es necesario inscribirse, solamente estar all\u00ed a la hora de salida.<!-- AddThis Advanced Settings generic via filter on get_the_excerpt --><!-- AddThis Share Buttons generic via filter on get_the_excerpt --><\/p>\n","protected":false},"author":27,"featured_media":0,"comment_status":"open","ping_status":"closed","sticky":false,"template":"","format":"standard","meta":[],"categories":[4],"tags":[86,384,792,817,943],"_links":{"self":[{"href":"https:\/\/blogs.hoy.es\/senderosextremadura\/wp-json\/wp\/v2\/posts\/3317"}],"collection":[{"href":"https:\/\/blogs.hoy.es\/senderosextremadura\/wp-json\/wp\/v2\/posts"}],"about":[{"href":"https:\/\/blogs.hoy.es\/senderosextremadura\/wp-json\/wp\/v2\/types\/post"}],"author":[{"embeddable":true,"href":"https:\/\/blogs.hoy.es\/senderosextremadura\/wp-json\/wp\/v2\/users\/27"}],"replies":[{"embeddable":true,"href":"https:\/\/blogs.hoy.es\/senderosextremadura\/wp-json\/wp\/v2\/comments?post=3317"}],"version-history":[{"count":0,"href":"https:\/\/blogs.hoy.es\/senderosextremadura\/wp-json\/wp\/v2\/posts\/3317\/revisions"}],"wp:attachment":[{"href":"https:\/\/blogs.hoy.es\/senderosextremadura\/wp-json\/wp\/v2\/media?parent=3317"}],"wp:term":[{"taxonomy":"category","embeddable":true,"href":"https:\/\/blogs.hoy.es\/senderosextremadura\/wp-json\/wp\/v2\/categories?post=3317"},{"taxonomy":"post_tag","embeddable":true,"href":"https:\/\/blogs.hoy.es\/senderosextremadura\/wp-json\/wp\/v2\/tags?post=3317"}],"curies":[{"name":"wp","href":"https:\/\/api.w.org\/{rel}","templated":true}]}}