{"id":3323,"date":"2015-04-21T11:32:49","date_gmt":"2015-04-21T11:32:49","guid":{"rendered":"http:\/\/blogs.hoy.es\/senderosextremadura\/?p=3323"},"modified":"2015-04-21T11:32:49","modified_gmt":"2015-04-21T11:32:49","slug":"la-ruta-del-rey-jayon-muestra-los-atractivos-de-la-campina-sur-26-de-abril","status":"publish","type":"post","link":"https:\/\/blogs.hoy.es\/senderosextremadura\/2015\/04\/21\/la-ruta-del-rey-jayon-muestra-los-atractivos-de-la-campina-sur-26-de-abril\/","title":{"rendered":"La Ruta del Rey Jay\u00f3n muestra los atractivos de la Campi\u00f1a Sur (26 de abril)"},"content":{"rendered":"<div id=\"attachment_3325\" style=\"width: 435px\" class=\"wp-caption aligncenter\"><img aria-describedby=\"caption-attachment-3325\" loading=\"lazy\" class=\" wp-image-3325\" title=\"\" src=\"\/senderosextremadura\/wp-content\/uploads\/sites\/22\/2015\/04\/patrimonio.jpg\" alt=\"\" width=\"425\" height=\"239\" srcset=\"https:\/\/static-blogs.hoy.es\/wp-content\/uploads\/sites\/22\/2015\/04\/patrimonio.jpg 960w, https:\/\/static-blogs.hoy.es\/wp-content\/uploads\/sites\/22\/2015\/04\/patrimonio-300x169.jpg 300w, https:\/\/static-blogs.hoy.es\/wp-content\/uploads\/sites\/22\/2015\/04\/patrimonio-768x433.jpg 768w, https:\/\/static-blogs.hoy.es\/wp-content\/uploads\/sites\/22\/2015\/04\/patrimonio-600x338.jpg 600w\" sizes=\"(max-width: 425px) 100vw, 425px\" \/><p id=\"caption-attachment-3325\" class=\"wp-caption-text\">Ermita de la Virgen de Ara, la &#39;capilla sixtina&#39; de Extremadura:: A.M.<\/p><\/div>\n<p>La<strong> XV Ruta del Rey Jay\u00f3n<\/strong> se celebra el pr\u00f3ximo <strong>domingo\u00a0 26 de abril<\/strong> para mostrar una vez m\u00e1s el rico patrimonio monumental de la <strong>Campi\u00f1a Sur<\/strong>. La marcha m\u00e1s emblem\u00e1tica de cuantas discurren por la comarca pacense recorrer\u00e1 <strong>24 kil\u00f3metros de senderos.<\/strong> El recorrido atraviesa los t\u00e9rminos municipales de Llerena, Fuente del Arco, Reina, Casas de Reina y Trasierra. Como cada a\u00f1o, se celebra el \u00faltimo domingo de abril. <!--more--><\/p>\n<div id=\"attachment_3328\" style=\"width: 446px\" class=\"wp-caption aligncenter\"><a href=\"https:\/\/blogs.hoy.es\/senderosextremadura\/\"><img aria-describedby=\"caption-attachment-3328\" loading=\"lazy\" class=\" wp-image-3328\" title=\"\" src=\"\/senderosextremadura\/wp-content\/uploads\/sites\/22\/2015\/04\/plaza.jpg\" alt=\"\" width=\"436\" height=\"285\" srcset=\"https:\/\/static-blogs.hoy.es\/wp-content\/uploads\/sites\/22\/2015\/04\/plaza.jpg 1374w, https:\/\/static-blogs.hoy.es\/wp-content\/uploads\/sites\/22\/2015\/04\/plaza-300x197.jpg 300w, https:\/\/static-blogs.hoy.es\/wp-content\/uploads\/sites\/22\/2015\/04\/plaza-768x503.jpg 768w, https:\/\/static-blogs.hoy.es\/wp-content\/uploads\/sites\/22\/2015\/04\/plaza-600x393.jpg 600w\" sizes=\"(max-width: 436px) 100vw, 436px\" \/><\/a><p id=\"caption-attachment-3328\" class=\"wp-caption-text\">Iglesia de la Granada, en la plaza mayor de Llerena:: HOY<\/p><\/div>\n<p>Esta actividad est\u00e1 organizada por los ayuntamientos pacenses y ASTOLL, la Oficina Municipal y la Asociaci\u00f3n de Senderismo Tomillo y Or\u00e9gano de Llerena. En la traves\u00eda colabora la Diputaci\u00f3n de Badajoz y tambi\u00e9n se implican\u00a0 bodegas, panader\u00edas, supermercados y restaurantes.<\/p>\n<p>El itinerario se inicia en la <strong>Plaza Mayor de Llerena<\/strong> con la recogida de acreditaciones por parte de todos los participantes inscritos. En la imponente plaza porticada se puede admirar el conjunto arquitect\u00f3nico que conforma esta plaza de estilo mud\u00e9jar,\u00a0 con la majestuosa <strong>Iglesia de Nuestra\u00a0 Se\u00f1ora de la Granada<\/strong>.<br \/>\nA partir de aqu\u00ed,\u00a0 la organizaci\u00f3n pone a disposici\u00f3n de todos los senderistas varios autobuses para trasladarlos al Monumento Natural Mina de la Jayona en la localidad de <strong>Fuente del Arco<\/strong>, punto donde comienza la caminata. La Mina fue declarada monumento natural y es un buen ejemplo del aprovechamiento de una antigua explotaci\u00f3n minera para el conocimiento cient\u00edfico y did\u00e1ctico de la fauna y flora del lugar. En la mina se visitar\u00e1 uno de los niveles y, tras una breve explicaci\u00f3n de sus or\u00edgenes y caracter\u00edsticas\u00a0 comienza la caminata por una pronunciada pendiente, siendo el siguiente punto de parada la Ermita de Nuestra Se\u00f1ora del Ara, considerada la <strong>\u201cCapilla Sixtina\u201d de la Baja Extremadura<\/strong> por la riqueza de sus frescos.<\/p>\n<p><strong>Estribaciones de Sierra Morena<\/strong><br \/>\nEl recorrido continua por la <strong>Ca\u00f1ada Real de la Rivera del Ara<\/strong>, y poco a poco los senderistas se ir\u00e1n adentrando en las \u00faltimas estribaciones de Sierra Morena \u201catravesando parajes que los sorprender\u00e1n por la belleza del entorno y la exuberancia de la vegetaci\u00f3n\u201d, describe el alcalde de Llerena, a trav\u00e9s de senderos que discurren por bosques de vegetaci\u00f3n mediterr\u00e1nea, jaras en flor, encinas, alcornoques, olivos y retamas hasta alcanzar la localidad de Reina. All\u00ed, los participantes visitar\u00e1n la Alcazaba \u00e1rabe, en cuyo interior se puede admirar la ermita visigoda de la Virgen de las Nieves.<br \/>\nDesde aqu\u00ed se puede disfrutar de unas espectaculares vistas: al norte, la Campi\u00f1a Sur de Extremadura, al sur la Sierra Norte sevillana.<\/p>\n<div id=\"attachment_3326\" style=\"width: 467px\" class=\"wp-caption aligncenter\"><a href=\"https:\/\/blogs.hoy.es\/senderosextremadura\/\"><img aria-describedby=\"caption-attachment-3326\" loading=\"lazy\" class=\" wp-image-3326\" title=\"\" src=\"\/senderosextremadura\/wp-content\/uploads\/sites\/22\/2015\/04\/jayona.jpg\" alt=\"\" width=\"457\" height=\"257\" srcset=\"https:\/\/static-blogs.hoy.es\/wp-content\/uploads\/sites\/22\/2015\/04\/jayona.jpg 960w, https:\/\/static-blogs.hoy.es\/wp-content\/uploads\/sites\/22\/2015\/04\/jayona-300x169.jpg 300w, https:\/\/static-blogs.hoy.es\/wp-content\/uploads\/sites\/22\/2015\/04\/jayona-768x433.jpg 768w, https:\/\/static-blogs.hoy.es\/wp-content\/uploads\/sites\/22\/2015\/04\/jayona-600x338.jpg 600w\" sizes=\"(max-width: 457px) 100vw, 457px\" \/><\/a><p id=\"caption-attachment-3326\" class=\"wp-caption-text\">Mina La Jayona:: \/A.M.<\/p><\/div>\n<p>Desde Reina, los senderistas se dirigir\u00e1n hasta la ciudad romana de Regina para conocer su espectacular teatro romano. Y de Regina caminar\u00e1n hacia Casas de Reina, donde se podr\u00e1 visitar el <strong>Yacimiento Arqueol\u00f3gico de Regina<\/strong>. En este punto, la organizaci\u00f3n dispone de un autob\u00fas para quien de forma voluntaria quiera abandonar la traves\u00eda.<br \/>\nEs ahora cuando el caminante tiene dos opciones,\u00a0 puede optar por continuar la ruta por terrenos llanos hacia Llerena, o bien volver a ascender a la <strong>Sierra de San Miguel<\/strong> y paulatinamente ir descendiendo hasta alcanzar nuevamente la capital de la Campi\u00f1a Sur, ciudad donde finaliza el recorrido en su Plaza Mayor.<\/p>\n<div id=\"attachment_3327\" style=\"width: 285px\" class=\"wp-caption aligncenter\"><a href=\"https:\/\/blogs.hoy.es\/senderosextremadura\/\"><img aria-describedby=\"caption-attachment-3327\" loading=\"lazy\" class=\"size-full wp-image-3327\" title=\"\" src=\"\/senderosextremadura\/wp-content\/uploads\/sites\/22\/2015\/04\/teatro-romano.jpg\" alt=\"\" width=\"275\" height=\"183\" \/><\/a><p id=\"caption-attachment-3327\" class=\"wp-caption-text\">Teatro Romano de Regina:: HOY<\/p><\/div>\n<p>En el kil\u00f3metro 15, en la localidad de Regina se ha establecido un punto de abandono voluntario de la ruta.<br \/>\nLa participaci\u00f3n en esta Ruta del Rey Jay\u00f3n se mantiene desde sus inicios con un alto \u00edndice de participaci\u00f3n, en torno a unos mil participantes entre personas individuales, familias y asociaciones llegadas de cualquier punto de Extremadura y Andaluc\u00eda.<\/p>\n<p><strong>Inscripciones<\/strong><br \/>\nPara poder participar es necesario estar inscrito. La formalizaci\u00f3n de inscripciones se realiza aportando nombre, apellidos, direcci\u00f3n y localidad de procedencia en la Oficina Municipal de Turismo de Llerena, a trav\u00e9s del email\u00a0 <strong>oficinaturismo@llerena.org<\/strong>. El plazo de inscripci\u00f3n finaliza el jueves 23 de abril.<br \/>\nA los senderistas se les entrega una muestra de productos ib\u00e9ricos m\u00e1s un regalo de recuerdo. Como novedad, este a\u00f1o pueden participar en la Ruta de la Tapa M\u00fadejar, que este a\u00f1o se desarrolla en dos fines de semana, el 18 y 19 y el 25 y 26 de este mes.<\/p>\n<!-- AddThis Advanced Settings generic via filter on the_content --><!-- AddThis Share Buttons generic via filter on the_content -->","protected":false},"excerpt":{"rendered":"<p>La XV Ruta del Rey Jay\u00f3n se celebra el pr\u00f3ximo domingo\u00a0 26 de abril para mostrar una vez m\u00e1s el rico patrimonio monumental de la Campi\u00f1a Sur. La marcha m\u00e1s emblem\u00e1tica de cuantas discurren por la comarca pacense recorrer\u00e1 24 kil\u00f3metros de senderos. El recorrido atraviesa los t\u00e9rminos municipales de Llerena, Fuente del Arco, Reina, [&hellip;]<!-- AddThis Advanced Settings generic via filter on get_the_excerpt --><!-- AddThis Share Buttons generic via filter on get_the_excerpt --><\/p>\n","protected":false},"author":27,"featured_media":0,"comment_status":"open","ping_status":"closed","sticky":false,"template":"","format":"standard","meta":[],"categories":[4],"tags":[170,328,453,502,655,682,906,944],"_links":{"self":[{"href":"https:\/\/blogs.hoy.es\/senderosextremadura\/wp-json\/wp\/v2\/posts\/3323"}],"collection":[{"href":"https:\/\/blogs.hoy.es\/senderosextremadura\/wp-json\/wp\/v2\/posts"}],"about":[{"href":"https:\/\/blogs.hoy.es\/senderosextremadura\/wp-json\/wp\/v2\/types\/post"}],"author":[{"embeddable":true,"href":"https:\/\/blogs.hoy.es\/senderosextremadura\/wp-json\/wp\/v2\/users\/27"}],"replies":[{"embeddable":true,"href":"https:\/\/blogs.hoy.es\/senderosextremadura\/wp-json\/wp\/v2\/comments?post=3323"}],"version-history":[{"count":0,"href":"https:\/\/blogs.hoy.es\/senderosextremadura\/wp-json\/wp\/v2\/posts\/3323\/revisions"}],"wp:attachment":[{"href":"https:\/\/blogs.hoy.es\/senderosextremadura\/wp-json\/wp\/v2\/media?parent=3323"}],"wp:term":[{"taxonomy":"category","embeddable":true,"href":"https:\/\/blogs.hoy.es\/senderosextremadura\/wp-json\/wp\/v2\/categories?post=3323"},{"taxonomy":"post_tag","embeddable":true,"href":"https:\/\/blogs.hoy.es\/senderosextremadura\/wp-json\/wp\/v2\/tags?post=3323"}],"curies":[{"name":"wp","href":"https:\/\/api.w.org\/{rel}","templated":true}]}}