{"id":3329,"date":"2015-05-04T08:48:05","date_gmt":"2015-05-04T08:48:05","guid":{"rendered":"http:\/\/blogs.hoy.es\/senderosextremadura\/?p=3329"},"modified":"2015-05-04T08:48:05","modified_gmt":"2015-05-04T08:48:05","slug":"paseos-por-monfrague-en-joelette-para-personas-con-problemas-de-movilidad","status":"publish","type":"post","link":"https:\/\/blogs.hoy.es\/senderosextremadura\/2015\/05\/04\/paseos-por-monfrague-en-joelette-para-personas-con-problemas-de-movilidad\/","title":{"rendered":"Paseos por Monfrag\u00fce en Jo\u00eblette para personas con problemas de movilidad"},"content":{"rendered":"<p><a href=\"https:\/\/blogs.hoy.es\/senderosextremadura\/\"><img loading=\"lazy\" class=\"aligncenter  wp-image-3331\" title=\"\" src=\"\/senderosextremadura\/wp-content\/uploads\/sites\/22\/2015\/05\/joelette.jpg\" alt=\"\" width=\"367\" height=\"442\" srcset=\"https:\/\/static-blogs.hoy.es\/wp-content\/uploads\/sites\/22\/2015\/05\/joelette.jpg 580w, https:\/\/static-blogs.hoy.es\/wp-content\/uploads\/sites\/22\/2015\/05\/joelette-249x300.jpg 249w\" sizes=\"(max-width: 367px) 100vw, 367px\" \/><\/a><\/p>\n<p>Las personas con problemas de movilidad reducida tienen una nueva oportunidad para visitar el Parque Nacional de Monfrag\u00fce gracias a la silla\u00a0 Jo\u00eblette y a la buena voluntad de un grupo de senderistas extreme\u00f1os. El <strong>Grupo Placentino de Monta\u00f1a<\/strong> y el club Garigolo de <strong>Peraleda de la Mata<\/strong> se han unido para hacer posible esta salida al campo. Tendr\u00e1 lugar el pr\u00f3ximo 10 de mayo.<!--more--><\/p>\n<p>Por primera vez, dos grupos monta\u00f1eros se unen para hacer part\u00edcipes de sus actividades\u00a0 a personas que por s\u00ed solas no pueden salir al monte, y a quienes\u00a0 les encanta disfrutar de la flora y la fauna extreme\u00f1a.<\/p>\n<p>El proyecto Naturaleza Para Todos de la <strong>Fundacion Global Nature<\/strong> se ha materializado en Extremadura gracias a Monta\u00f1as Para Todos de Canarias,\u00a0 la Asociaci\u00f3n de Minusv\u00e1lidos de Plasencia,\u00a0 Plataforma Sin Barreras de Trujillo y a todas las empresas y particulares que hicieron posible que se pudieran realizar tres cursos de gu\u00eda-conductor de\u00a0Jo\u00eblettes para formar a esos voluntarios.<\/p>\n<p>La salida en autob\u00fas hacia el Parque Nacional se realizar\u00e1 a las 9.30 horas desde <strong>Plasencia<\/strong>. El precio es de 10 euros para no socios y 5 para socios.<\/p>\n<p>Inscripciones: Cris-Mar Sports 927 411 987<\/p>\n<!-- AddThis Advanced Settings generic via filter on the_content --><!-- AddThis Share Buttons generic via filter on the_content -->","protected":false},"excerpt":{"rendered":"<p>Las personas con problemas de movilidad reducida tienen una nueva oportunidad para visitar el Parque Nacional de Monfrag\u00fce gracias a la silla\u00a0 Jo\u00eblette y a la buena voluntad de un grupo de senderistas extreme\u00f1os. El Grupo Placentino de Monta\u00f1a y el club Garigolo de Peraleda de la Mata se han unido para hacer posible esta [&hellip;]<!-- AddThis Advanced Settings generic via filter on get_the_excerpt --><!-- AddThis Share Buttons generic via filter on get_the_excerpt --><\/p>\n","protected":false},"author":27,"featured_media":0,"comment_status":"open","ping_status":"closed","sticky":false,"template":"","format":"standard","meta":[],"categories":[4],"tags":[301,307,316,515,524],"_links":{"self":[{"href":"https:\/\/blogs.hoy.es\/senderosextremadura\/wp-json\/wp\/v2\/posts\/3329"}],"collection":[{"href":"https:\/\/blogs.hoy.es\/senderosextremadura\/wp-json\/wp\/v2\/posts"}],"about":[{"href":"https:\/\/blogs.hoy.es\/senderosextremadura\/wp-json\/wp\/v2\/types\/post"}],"author":[{"embeddable":true,"href":"https:\/\/blogs.hoy.es\/senderosextremadura\/wp-json\/wp\/v2\/users\/27"}],"replies":[{"embeddable":true,"href":"https:\/\/blogs.hoy.es\/senderosextremadura\/wp-json\/wp\/v2\/comments?post=3329"}],"version-history":[{"count":0,"href":"https:\/\/blogs.hoy.es\/senderosextremadura\/wp-json\/wp\/v2\/posts\/3329\/revisions"}],"wp:attachment":[{"href":"https:\/\/blogs.hoy.es\/senderosextremadura\/wp-json\/wp\/v2\/media?parent=3329"}],"wp:term":[{"taxonomy":"category","embeddable":true,"href":"https:\/\/blogs.hoy.es\/senderosextremadura\/wp-json\/wp\/v2\/categories?post=3329"},{"taxonomy":"post_tag","embeddable":true,"href":"https:\/\/blogs.hoy.es\/senderosextremadura\/wp-json\/wp\/v2\/tags?post=3329"}],"curies":[{"name":"wp","href":"https:\/\/api.w.org\/{rel}","templated":true}]}}