{"id":3332,"date":"2015-05-06T08:01:36","date_gmt":"2015-05-06T08:01:36","guid":{"rendered":"http:\/\/blogs.hoy.es\/senderosextremadura\/?p=3332"},"modified":"2015-05-06T08:01:36","modified_gmt":"2015-05-06T08:01:36","slug":"el-club-del-caminante-recorre-las-sierras-fronterizas-de-espana-y-portugal-10-de-mayo","status":"publish","type":"post","link":"https:\/\/blogs.hoy.es\/senderosextremadura\/2015\/05\/06\/el-club-del-caminante-recorre-las-sierras-fronterizas-de-espana-y-portugal-10-de-mayo\/","title":{"rendered":"El Club del Caminante recorre las sierras fronterizas de Espa\u00f1a y Portugal (10 de mayo)"},"content":{"rendered":"<p>El <a href=\"http:\/\/clubcaminantebadajoz.es\/\" target=\"_blank\" rel=\"external nofollow\"><strong>Club del Caminante de Badajoz<\/strong><\/a> ha preparado para este pr\u00f3ximo <strong>domingo d\u00eda 10 de mayo<\/strong> una ruta de 20 kil\u00f3metros. Se trata de una marcha de la <strong>Ace\u00f1a de la Borrega a la Rabaza<\/strong>. Los senderistas recorrer\u00e1n las sierras fronterizas entre Espa\u00f1a y Portugal, pasando por peque\u00f1as aldeas con encanto como Ace\u00f1a de la Borrega, Jiniebro, Jola y La Rabaza, una aldea perdida en las estribaciones de la Sierra de San Mamede.\u00a0<!--more--> Los caminantes en esta marcha de dificultad media partir\u00e1n a las ocho de la ma\u00f1ana desde el Ancla de Santa Marina.<\/p>\n<p>Consulta todos los datos en la <a href=\"http:\/\/clubcaminantebadajoz.es\/\" target=\"_blank\" rel=\"external nofollow\"><strong>web del club.<\/strong> <\/a><\/p>\n<p><a href=\"https:\/\/blogs.hoy.es\/senderosextremadura\/\"><img loading=\"lazy\" class=\"aligncenter size-large wp-image-3333\" title=\"\" src=\"\/senderosextremadura\/wp-content\/uploads\/sites\/22\/2015\/05\/caminante.jpg\" alt=\"\" width=\"600\" height=\"450\" srcset=\"https:\/\/static-blogs.hoy.es\/wp-content\/uploads\/sites\/22\/2015\/05\/caminante.jpg 1440w, https:\/\/static-blogs.hoy.es\/wp-content\/uploads\/sites\/22\/2015\/05\/caminante-300x225.jpg 300w, https:\/\/static-blogs.hoy.es\/wp-content\/uploads\/sites\/22\/2015\/05\/caminante-768x576.jpg 768w, https:\/\/static-blogs.hoy.es\/wp-content\/uploads\/sites\/22\/2015\/05\/caminante-600x450.jpg 600w\" sizes=\"(max-width: 600px) 100vw, 600px\" \/><\/a><\/p>\n<!-- AddThis Advanced Settings generic via filter on the_content --><!-- AddThis Share Buttons generic via filter on the_content -->","protected":false},"excerpt":{"rendered":"<p>El Club del Caminante de Badajoz ha preparado para este pr\u00f3ximo domingo d\u00eda 10 de mayo una ruta de 20 kil\u00f3metros. Se trata de una marcha de la Ace\u00f1a de la Borrega a la Rabaza. Los senderistas recorrer\u00e1n las sierras fronterizas entre Espa\u00f1a y Portugal, pasando por peque\u00f1as aldeas con encanto como Ace\u00f1a de la [&hellip;]<!-- AddThis Advanced Settings generic via filter on get_the_excerpt --><!-- AddThis Share Buttons generic via filter on get_the_excerpt --><\/p>\n","protected":false},"author":27,"featured_media":0,"comment_status":"open","ping_status":"closed","sticky":false,"template":"","format":"standard","meta":[],"categories":[4],"tags":[86,427,917,944,988],"_links":{"self":[{"href":"https:\/\/blogs.hoy.es\/senderosextremadura\/wp-json\/wp\/v2\/posts\/3332"}],"collection":[{"href":"https:\/\/blogs.hoy.es\/senderosextremadura\/wp-json\/wp\/v2\/posts"}],"about":[{"href":"https:\/\/blogs.hoy.es\/senderosextremadura\/wp-json\/wp\/v2\/types\/post"}],"author":[{"embeddable":true,"href":"https:\/\/blogs.hoy.es\/senderosextremadura\/wp-json\/wp\/v2\/users\/27"}],"replies":[{"embeddable":true,"href":"https:\/\/blogs.hoy.es\/senderosextremadura\/wp-json\/wp\/v2\/comments?post=3332"}],"version-history":[{"count":0,"href":"https:\/\/blogs.hoy.es\/senderosextremadura\/wp-json\/wp\/v2\/posts\/3332\/revisions"}],"wp:attachment":[{"href":"https:\/\/blogs.hoy.es\/senderosextremadura\/wp-json\/wp\/v2\/media?parent=3332"}],"wp:term":[{"taxonomy":"category","embeddable":true,"href":"https:\/\/blogs.hoy.es\/senderosextremadura\/wp-json\/wp\/v2\/categories?post=3332"},{"taxonomy":"post_tag","embeddable":true,"href":"https:\/\/blogs.hoy.es\/senderosextremadura\/wp-json\/wp\/v2\/tags?post=3332"}],"curies":[{"name":"wp","href":"https:\/\/api.w.org\/{rel}","templated":true}]}}