{"id":3335,"date":"2015-05-06T08:26:34","date_gmt":"2015-05-06T08:26:34","guid":{"rendered":"http:\/\/blogs.hoy.es\/senderosextremadura\/?p=3335"},"modified":"2015-05-06T08:26:34","modified_gmt":"2015-05-06T08:26:34","slug":"ruta-para-conocer-las-orillas-del-nuevo-embalse-de-alcollarin-9-de-mayo","status":"publish","type":"post","link":"https:\/\/blogs.hoy.es\/senderosextremadura\/2015\/05\/06\/ruta-para-conocer-las-orillas-del-nuevo-embalse-de-alcollarin-9-de-mayo\/","title":{"rendered":"Ruta para conocer las orillas del nuevo embalse de Alcollar\u00edn (9 de mayo)"},"content":{"rendered":"<p><a href=\"https:\/\/blogs.hoy.es\/senderosextremadura\/\"><img loading=\"lazy\" class=\"aligncenter  wp-image-3336\" title=\"\" src=\"\/senderosextremadura\/wp-content\/uploads\/sites\/22\/2015\/05\/alcollarin.jpg\" alt=\"\" width=\"450\" height=\"305\" \/><\/a><\/p>\n<p>Este pr\u00f3ximo s\u00e1bado 9 de mayo se presenta una oportunidad para conocer el <strong>\u00faltimo embalse inaugurado en Extremadura<\/strong>. Se trata de la <strong>presa de Alcollar\u00edn<\/strong>, puesta en funcionamiento el <a href=\"http:\/\/www.hoy.es\/prov-caceres\/201501\/28\/nueva-presa-alcollarin-permitira-20150128194353.html\" target=\"_blank\" rel=\"external nofollow\">pasado mes de enero<\/a> en la comarca de <strong>Miajadas-Trujillo.<\/strong> La marcha permitir\u00e1\u00a0 conocer las maravillas ornitol\u00f3gicas que encierra la zona,\u00a0 a poco m\u00e1s de un a\u00f1o del comienzo de su llenado. En aproximadamente 7 kil\u00f3metros los senderistas disfrutar\u00e1n tanto de las aves como de los paisajes adehesados que circundan parte del embalse. Una enorme variedad de aves ligadas a las zonas h\u00famedas, incluyendo algunas especies de mucho inter\u00e9s como zampull\u00edn cuellinegro, esp\u00e1tulas o gansos del Nilo. Adem\u00e1s, los caminantes podr\u00e1n disfrutar de la colonia de cern\u00edcalos primillas del Palacio de Pizarro-Carvajal. <!--more--><\/p>\n<p>Sobre la nuestra estructura discurre un canal que comunica el embalse de Garc\u00eda Sola con la presa de B\u00fardalo.<\/p>\n<p>El embalse ha creado un parque etnogr\u00e1fico con los elementos que se encontraban en el terreno inundado, tales como un molino antiguo rehabilitado que \u00abdar\u00e1n un valor a\u00f1adido desde el punto de vista tur\u00edstico\u00bb, se\u00f1al\u00f3 el alcalde en la inauguraci\u00f3n.<\/p>\n<p>El estudio favorable de impacto ambiental en el que se dio el visto bueno al proyecto de construcci\u00f3n de la presa de Alcollar\u00edn data de 1997. Despu\u00e9s se realizaron una serie de medidas compensatorias para no perjudicar el ecosistema, como la creaci\u00f3n de un azud de cola, que permite que cuando el agua baje, se agua retenida a unos niveles adecuados para la fauna, o la realizaci\u00f3n de tres islas artificiales para la estancia de las aves migratorias.<\/p>\n<p>M\u00e1s informaci\u00f3n, en la <a href=\"http:\/\/www.adicomt.com\/actividades\/?p=41\" target=\"_blank\" rel=\"external nofollow\">web de Adicomt<\/a>.<\/p>\n<!-- AddThis Advanced Settings generic via filter on the_content --><!-- AddThis Share Buttons generic via filter on the_content -->","protected":false},"excerpt":{"rendered":"<p>Este pr\u00f3ximo s\u00e1bado 9 de mayo se presenta una oportunidad para conocer el \u00faltimo embalse inaugurado en Extremadura. Se trata de la presa de Alcollar\u00edn, puesta en funcionamiento el pasado mes de enero en la comarca de Miajadas-Trujillo. La marcha permitir\u00e1\u00a0 conocer las maravillas ornitol\u00f3gicas que encierra la zona,\u00a0 a poco m\u00e1s de un a\u00f1o [&hellip;]<!-- AddThis Advanced Settings generic via filter on get_the_excerpt --><!-- AddThis Share Buttons generic via filter on get_the_excerpt --><\/p>\n","protected":false},"author":27,"featured_media":0,"comment_status":"open","ping_status":"closed","sticky":false,"template":"","format":"standard","meta":[],"categories":[4],"tags":[24,649,657,937],"_links":{"self":[{"href":"https:\/\/blogs.hoy.es\/senderosextremadura\/wp-json\/wp\/v2\/posts\/3335"}],"collection":[{"href":"https:\/\/blogs.hoy.es\/senderosextremadura\/wp-json\/wp\/v2\/posts"}],"about":[{"href":"https:\/\/blogs.hoy.es\/senderosextremadura\/wp-json\/wp\/v2\/types\/post"}],"author":[{"embeddable":true,"href":"https:\/\/blogs.hoy.es\/senderosextremadura\/wp-json\/wp\/v2\/users\/27"}],"replies":[{"embeddable":true,"href":"https:\/\/blogs.hoy.es\/senderosextremadura\/wp-json\/wp\/v2\/comments?post=3335"}],"version-history":[{"count":0,"href":"https:\/\/blogs.hoy.es\/senderosextremadura\/wp-json\/wp\/v2\/posts\/3335\/revisions"}],"wp:attachment":[{"href":"https:\/\/blogs.hoy.es\/senderosextremadura\/wp-json\/wp\/v2\/media?parent=3335"}],"wp:term":[{"taxonomy":"category","embeddable":true,"href":"https:\/\/blogs.hoy.es\/senderosextremadura\/wp-json\/wp\/v2\/categories?post=3335"},{"taxonomy":"post_tag","embeddable":true,"href":"https:\/\/blogs.hoy.es\/senderosextremadura\/wp-json\/wp\/v2\/tags?post=3335"}],"curies":[{"name":"wp","href":"https:\/\/api.w.org\/{rel}","templated":true}]}}