{"id":3343,"date":"2015-05-11T18:45:16","date_gmt":"2015-05-11T18:45:16","guid":{"rendered":"http:\/\/blogs.hoy.es\/senderosextremadura\/?p=3343"},"modified":"2015-05-11T18:45:16","modified_gmt":"2015-05-11T18:45:16","slug":"caminando-entre-encinas-gigantes-23-de-mayo","status":"publish","type":"post","link":"https:\/\/blogs.hoy.es\/senderosextremadura\/2015\/05\/11\/caminando-entre-encinas-gigantes-23-de-mayo\/","title":{"rendered":"Caminando entre encinas gigantes (23 de mayo)"},"content":{"rendered":"<div id=\"attachment_3345\" style=\"width: 412px\" class=\"wp-caption aligncenter\"><a href=\"https:\/\/blogs.hoy.es\/senderosextremadura\/\"><img aria-describedby=\"caption-attachment-3345\" loading=\"lazy\" class=\" wp-image-3345\" title=\"\" src=\"\/senderosextremadura\/wp-content\/uploads\/sites\/22\/2015\/05\/encina.jpg\" alt=\"\" width=\"402\" height=\"268\" srcset=\"https:\/\/static-blogs.hoy.es\/wp-content\/uploads\/sites\/22\/2015\/05\/encina.jpg 1350w, https:\/\/static-blogs.hoy.es\/wp-content\/uploads\/sites\/22\/2015\/05\/encina-300x200.jpg 300w, https:\/\/static-blogs.hoy.es\/wp-content\/uploads\/sites\/22\/2015\/05\/encina-768x512.jpg 768w, https:\/\/static-blogs.hoy.es\/wp-content\/uploads\/sites\/22\/2015\/05\/encina-600x400.jpg 600w\" sizes=\"(max-width: 402px) 100vw, 402px\" \/><\/a><p id=\"caption-attachment-3345\" class=\"wp-caption-text\">La Terrona, en Zarza de Mont\u00e1nchez:: HOY<\/p><\/div>\n<p>El pr\u00f3ximo 23 de mayo se celebrar\u00e1 una ruta entre varias encinas gigantes de la regi\u00f3n: La Terrona, la Nieta y La Solana. La ruta ha sido organizada por la organizaci\u00f3n ecologista Adenex bajo el t\u00edtulo &#8216;II Vuelta por Mont\u00e1nchez&#8217;.<\/p>\n<p>Adenex prosigue as\u00ed con su programa de rutas con el objetivo de aportar una oferta de turismo de naturaleza los fines de semana, unido al turismo antropol\u00f3gico y gastron\u00f3mico, en un escenario muy diverso en recursos de todo tipo: la Sierra de Mont\u00e1nchez.<!--more--><\/p>\n<p>El formato propuesto consiste en una ruta a pie por senderos p\u00fablicos para el disfrute del paisaje, geolog\u00eda, vegetaci\u00f3n y fauna, con una duraci\u00f3n aproximada entre 2 y 3 horas, y dificultad media.<\/p>\n<p>A continuaci\u00f3n se recorre el casco hist\u00f3rico de Mont\u00e1nchez (opcional) con subida al castillo.<\/p>\n<p>Y se termina la ma\u00f1ana con un almuerzo a base de tapas t\u00edpicas y bebidas representativas de la rica gastronom\u00eda local, en el centro La Fontanita, que ADENEX gestiona en las cercan\u00edas del pueblo.<\/p>\n<p><strong>INSCRIPCI\u00d3N<\/strong><\/p>\n<p>Los participantes deben inscribirse por tel\u00e9fono (924 38 71 89\/ 924 30 44 44o)\u00a0 a trav\u00e9s del correo <a href=\"mailto:eduambiental@adenex.org\">eduambiental@adenex.org<\/a>. Recibir\u00e1n indicaciones acerca del punto de encuentro en Mont\u00e1nchez, recomendaciones de indumentaria y material.<\/p>\n<p><strong>Participantes<\/strong>: abierto a todo tipo de personas sin l\u00edmite de edad: familias, parejas, grupos, o a t\u00edtulo individual.<\/p>\n<p><strong>Cuota<\/strong> de participaci\u00f3n: 15 euros por persona.<\/p>\n<!-- AddThis Advanced Settings generic via filter on the_content --><!-- AddThis Share Buttons generic via filter on the_content -->","protected":false},"excerpt":{"rendered":"<p>El pr\u00f3ximo 23 de mayo se celebrar\u00e1 una ruta entre varias encinas gigantes de la regi\u00f3n: La Terrona, la Nieta y La Solana. La ruta ha sido organizada por la organizaci\u00f3n ecologista Adenex bajo el t\u00edtulo &#8216;II Vuelta por Mont\u00e1nchez&#8217;. Adenex prosigue as\u00ed con su programa de rutas con el objetivo de aportar una oferta [&hellip;]<!-- AddThis Advanced Settings generic via filter on get_the_excerpt --><!-- AddThis Share Buttons generic via filter on get_the_excerpt --><\/p>\n","protected":false},"author":27,"featured_media":0,"comment_status":"open","ping_status":"closed","sticky":false,"template":"","format":"standard","meta":[],"categories":[4],"tags":[433,522,821,917,944],"_links":{"self":[{"href":"https:\/\/blogs.hoy.es\/senderosextremadura\/wp-json\/wp\/v2\/posts\/3343"}],"collection":[{"href":"https:\/\/blogs.hoy.es\/senderosextremadura\/wp-json\/wp\/v2\/posts"}],"about":[{"href":"https:\/\/blogs.hoy.es\/senderosextremadura\/wp-json\/wp\/v2\/types\/post"}],"author":[{"embeddable":true,"href":"https:\/\/blogs.hoy.es\/senderosextremadura\/wp-json\/wp\/v2\/users\/27"}],"replies":[{"embeddable":true,"href":"https:\/\/blogs.hoy.es\/senderosextremadura\/wp-json\/wp\/v2\/comments?post=3343"}],"version-history":[{"count":0,"href":"https:\/\/blogs.hoy.es\/senderosextremadura\/wp-json\/wp\/v2\/posts\/3343\/revisions"}],"wp:attachment":[{"href":"https:\/\/blogs.hoy.es\/senderosextremadura\/wp-json\/wp\/v2\/media?parent=3343"}],"wp:term":[{"taxonomy":"category","embeddable":true,"href":"https:\/\/blogs.hoy.es\/senderosextremadura\/wp-json\/wp\/v2\/categories?post=3343"},{"taxonomy":"post_tag","embeddable":true,"href":"https:\/\/blogs.hoy.es\/senderosextremadura\/wp-json\/wp\/v2\/tags?post=3343"}],"curies":[{"name":"wp","href":"https:\/\/api.w.org\/{rel}","templated":true}]}}