{"id":3346,"date":"2015-05-18T10:57:30","date_gmt":"2015-05-18T10:57:30","guid":{"rendered":"http:\/\/blogs.hoy.es\/senderosextremadura\/?p=3346"},"modified":"2015-05-18T10:57:30","modified_gmt":"2015-05-18T10:57:30","slug":"el-senderismo-extremeno-ayudara-a-nepal-con-una-marcha-simultanea-23-de-mayo","status":"publish","type":"post","link":"https:\/\/blogs.hoy.es\/senderosextremadura\/2015\/05\/18\/el-senderismo-extremeno-ayudara-a-nepal-con-una-marcha-simultanea-23-de-mayo\/","title":{"rendered":"El senderismo extreme\u00f1o ayudar\u00e1 a Nepal con marchas solidarias (23 de mayo)"},"content":{"rendered":"<p><a href=\"https:\/\/blogs.hoy.es\/senderosextremadura\/\"><img loading=\"lazy\" class=\"aligncenter size-full wp-image-3348\" title=\"\" src=\"\/senderosextremadura\/wp-content\/uploads\/sites\/22\/2015\/05\/sendeismo.jpg\" alt=\"\" width=\"259\" height=\"194\" \/><\/a><\/p>\n<p>El senderismo extreme\u00f1o se solidariza con Nepal con una marcha solidaria que tendr\u00e1 lugar el pr\u00f3ximo d\u00eda 23 de mayo. La idea parti\u00f3 del club extreme\u00f1o GR 100, que realizar\u00e1 una ruta\u00a0 en C\u00e1ceres. La idea es\u00a0 ayudar a los damnificados por los terremotos en el pa\u00eds asi\u00e1tico. <!--more--><br \/>\nLas inscripciones para la ruta de C\u00e1ceres se pueden realizar en Intersport Mostazo de C\u00e1ceres o a trav\u00e9s de cualquier club senderista. Seg\u00fan informa la FEXME, tambi\u00e9n se ha habilitado una fila cero con n\u00ba de cuenta ES36 0130 8853 32 0106223912 para que todos aquellos que lo deseen puedan contribuir con esta causa.<br \/>\nLa idea es que cada club,\u00a0 asociaci\u00f3n deportiva, grupo de amigos, sin tener que cambiar su calendario y sin necesidad de acudir a la ruta de C\u00e1ceres, pueda realizar su actividad programada\u00a0 y\u00a0 con este cariz solidario recogiendo los ingresos o cuota de inscripci\u00f3n de la actividad para destinarla a Nepal.<br \/>\nLa FEXME ha habilitado el siguiente n\u00ba de cuenta ES36 0130 8853 32 0106223912.<\/p>\n<p><span style=\"font-family: Verdana;\">La FEXME mediar\u00e1 para que el dinero recaudado llegue a los necesitados del mencionado pa\u00eds.<\/span>para los ingresos que se reciban. Tambi\u00e9n puedes\/pueden colaborar con el asiento cero, sin necesidad de realizar actividad alguna.<span style=\"font-family: Verdana;\"> La FEXME mediar\u00e1 para que el dinero recaudado llegue a los necesitados del mencionado pa\u00eds.<\/span><\/p>\n<p><strong>RECORRIDO EN C\u00c1CERES<\/strong><br \/>\n&#8211; SALIDA: Plaza Mayor,\u00a0 a partir de las 8:30 horas, ya que tendr\u00e1 lugar el comienzo del evento a las 9:00 horas.<br \/>\n&#8211; ITINERARIO: Plaza de Canterias \u2013 Fuente Rocha \u2013 Minas de Valdeflores \u2013 Sanatorio \u2013 Las Antenas \u2013 Camino Olivares<br \/>\n&#8211; LLEGADA: La Charca de El Marco<\/p>\n<p><a href=\"http:\/\/www.fexme.com\/portal\/Noticias\/tabid\/58\/articleType\/ArticleView\/articleId\/854\/Ruta-Solidaria-Caminando-por-NEPAL-23-Mayo-2015.aspx\" target=\"_blank\" rel=\"external nofollow\">M\u00e1s informaci\u00f3n de la ruta solidaria.<\/a><\/p>\n<!-- AddThis Advanced Settings generic via filter on the_content --><!-- AddThis Share Buttons generic via filter on the_content -->","protected":false},"excerpt":{"rendered":"<p>El senderismo extreme\u00f1o se solidariza con Nepal con una marcha solidaria que tendr\u00e1 lugar el pr\u00f3ximo d\u00eda 23 de mayo. La idea parti\u00f3 del club extreme\u00f1o GR 100, que realizar\u00e1 una ruta\u00a0 en C\u00e1ceres. La idea es\u00a0 ayudar a los damnificados por los terremotos en el pa\u00eds asi\u00e1tico.<!-- AddThis Advanced Settings generic via filter on get_the_excerpt --><!-- AddThis Share Buttons generic via filter on get_the_excerpt --><\/p>\n","protected":false},"author":27,"featured_media":0,"comment_status":"open","ping_status":"closed","sticky":false,"template":"","format":"standard","meta":[],"categories":[4],"tags":[219,785,911,917],"_links":{"self":[{"href":"https:\/\/blogs.hoy.es\/senderosextremadura\/wp-json\/wp\/v2\/posts\/3346"}],"collection":[{"href":"https:\/\/blogs.hoy.es\/senderosextremadura\/wp-json\/wp\/v2\/posts"}],"about":[{"href":"https:\/\/blogs.hoy.es\/senderosextremadura\/wp-json\/wp\/v2\/types\/post"}],"author":[{"embeddable":true,"href":"https:\/\/blogs.hoy.es\/senderosextremadura\/wp-json\/wp\/v2\/users\/27"}],"replies":[{"embeddable":true,"href":"https:\/\/blogs.hoy.es\/senderosextremadura\/wp-json\/wp\/v2\/comments?post=3346"}],"version-history":[{"count":0,"href":"https:\/\/blogs.hoy.es\/senderosextremadura\/wp-json\/wp\/v2\/posts\/3346\/revisions"}],"wp:attachment":[{"href":"https:\/\/blogs.hoy.es\/senderosextremadura\/wp-json\/wp\/v2\/media?parent=3346"}],"wp:term":[{"taxonomy":"category","embeddable":true,"href":"https:\/\/blogs.hoy.es\/senderosextremadura\/wp-json\/wp\/v2\/categories?post=3346"},{"taxonomy":"post_tag","embeddable":true,"href":"https:\/\/blogs.hoy.es\/senderosextremadura\/wp-json\/wp\/v2\/tags?post=3346"}],"curies":[{"name":"wp","href":"https:\/\/api.w.org\/{rel}","templated":true}]}}