{"id":3349,"date":"2015-05-19T12:52:18","date_gmt":"2015-05-19T12:52:18","guid":{"rendered":"http:\/\/blogs.hoy.es\/senderosextremadura\/?p=3349"},"modified":"2015-05-19T12:52:18","modified_gmt":"2015-05-19T12:52:18","slug":"fin-del-primer-periodo-senderista-para-los-aficionados-de-coria","status":"publish","type":"post","link":"https:\/\/blogs.hoy.es\/senderosextremadura\/2015\/05\/19\/fin-del-primer-periodo-senderista-para-los-aficionados-de-coria\/","title":{"rendered":"Fin del primer periodo senderista para los aficionados de Coria"},"content":{"rendered":"<p><a href=\"https:\/\/blogs.hoy.es\/senderosextremadura\/\"><img loading=\"lazy\" class=\"aligncenter  wp-image-3350\" title=\"\" src=\"\/senderosextremadura\/wp-content\/uploads\/sites\/22\/2015\/05\/ruta.jpg\" alt=\"\" width=\"433\" height=\"242\" srcset=\"https:\/\/static-blogs.hoy.es\/wp-content\/uploads\/sites\/22\/2015\/05\/ruta.jpg 575w, https:\/\/static-blogs.hoy.es\/wp-content\/uploads\/sites\/22\/2015\/05\/ruta-300x168.jpg 300w\" sizes=\"(max-width: 433px) 100vw, 433px\" \/><\/a><\/p>\n<p>El domingo tuvo lugar la ruta del mes de mayo, poniendo fin al primer periodo de rutas senderistas 2015, con la marcha &#8216;Garganta del Fraile-El Cancho de la Cueva&#8217;, que se desarrollaba en las estribaciones del Parque Nacional de Monfrag\u00fce, y donde participaron m\u00e1s de 40 senderistas procedentes de Plasencia, Rinc\u00f3n del Obispo y Coria. <!--more--><\/p>\n<p>La ruta circular, de dificultad media-baja, se iniciaba sobre las 09.05 horas desde la misma localidad de Serradilla, enclavada dentro de Monfrag\u00fce. Los senderistas llegaron a la plaza del Ayuntamiento de Serradilla sobre las 12.55 horas, tras un recorrido de paisajes espectaculares, informa <em>Eladio Paniagua<\/em>.<\/p>\n<!-- AddThis Advanced Settings generic via filter on the_content --><!-- AddThis Share Buttons generic via filter on the_content -->","protected":false},"excerpt":{"rendered":"<p>El domingo tuvo lugar la ruta del mes de mayo, poniendo fin al primer periodo de rutas senderistas 2015, con la marcha &#8216;Garganta del Fraile-El Cancho de la Cueva&#8217;, que se desarrollaba en las estribaciones del Parque Nacional de Monfrag\u00fce, y donde participaron m\u00e1s de 40 senderistas procedentes de Plasencia, Rinc\u00f3n del Obispo y Coria.<!-- AddThis Advanced Settings generic via filter on get_the_excerpt --><!-- AddThis Share Buttons generic via filter on get_the_excerpt --><\/p>\n","protected":false},"author":27,"featured_media":0,"comment_status":"open","ping_status":"closed","sticky":false,"template":"","format":"standard","meta":[],"categories":[4],"tags":[239,836,848,906],"_links":{"self":[{"href":"https:\/\/blogs.hoy.es\/senderosextremadura\/wp-json\/wp\/v2\/posts\/3349"}],"collection":[{"href":"https:\/\/blogs.hoy.es\/senderosextremadura\/wp-json\/wp\/v2\/posts"}],"about":[{"href":"https:\/\/blogs.hoy.es\/senderosextremadura\/wp-json\/wp\/v2\/types\/post"}],"author":[{"embeddable":true,"href":"https:\/\/blogs.hoy.es\/senderosextremadura\/wp-json\/wp\/v2\/users\/27"}],"replies":[{"embeddable":true,"href":"https:\/\/blogs.hoy.es\/senderosextremadura\/wp-json\/wp\/v2\/comments?post=3349"}],"version-history":[{"count":0,"href":"https:\/\/blogs.hoy.es\/senderosextremadura\/wp-json\/wp\/v2\/posts\/3349\/revisions"}],"wp:attachment":[{"href":"https:\/\/blogs.hoy.es\/senderosextremadura\/wp-json\/wp\/v2\/media?parent=3349"}],"wp:term":[{"taxonomy":"category","embeddable":true,"href":"https:\/\/blogs.hoy.es\/senderosextremadura\/wp-json\/wp\/v2\/categories?post=3349"},{"taxonomy":"post_tag","embeddable":true,"href":"https:\/\/blogs.hoy.es\/senderosextremadura\/wp-json\/wp\/v2\/tags?post=3349"}],"curies":[{"name":"wp","href":"https:\/\/api.w.org\/{rel}","templated":true}]}}