{"id":3353,"date":"2015-05-21T16:33:58","date_gmt":"2015-05-21T16:33:58","guid":{"rendered":"http:\/\/blogs.hoy.es\/senderosextremadura\/?p=3353"},"modified":"2015-05-21T16:33:58","modified_gmt":"2015-05-21T16:33:58","slug":"los-prisinas-realizan-este-sabado-una-ruta-nocturna","status":"publish","type":"post","link":"https:\/\/blogs.hoy.es\/senderosextremadura\/2015\/05\/21\/los-prisinas-realizan-este-sabado-una-ruta-nocturna\/","title":{"rendered":"Los Prisi\u00f1as realizan este s\u00e1bado una ruta nocturna"},"content":{"rendered":"<div id=\"attachment_3354\" style=\"width: 610px\" class=\"wp-caption aligncenter\"><a href=\"https:\/\/blogs.hoy.es\/senderosextremadura\/2015\/05\/21\/los-prisinas-realizan-este-sabado-una-ruta-nocturna\/grupo-600x449\/\" rel=\"attachment wp-att-3354\"><img aria-describedby=\"caption-attachment-3354\" loading=\"lazy\" class=\"size-full wp-image-3354\" title=\"\" src=\"\/senderosextremadura\/wp-content\/uploads\/sites\/22\/2015\/05\/grupo.jpg\" alt=\"\" width=\"600\" height=\"449\" \/><\/a><p id=\"caption-attachment-3354\" class=\"wp-caption-text\">Miembros del club Prisi\u00f1as de Olivenza:: HOY<\/p><\/div>\n<p>El Club Prisi\u00f1as de Olivenza ha organizado una ruta nocturna. La marcha tendr\u00e1 lugar este s\u00e1bado 23 de mayo como actividad previa al &#8216;<a href=\"http:\/\/clubsenderistaolivenza.es\/el%20viaje%20de%20carlota.html\" target=\"_blank\" rel=\"external nofollow\">Viaje de Carlota<\/a>&#8216;, una nueva ruta teatralizada que tendr\u00e1 lugar el 13 de junio y para la que ya han agotado todas sus plazas. Aprovechando el fresco de la noche, los caminantes salen de nuevo a explorar los caminos por los que viajar\u00e1n junto a Carlota. El punto de encuentro se ha fijado a las 21 horas en los Arcos. Desde ah\u00ed se desplazar\u00e1n en coche hasta el punto de partida. La ruta comenzar\u00e1 a las 21:30 y tendr\u00e1 un recorrido de 15 kil\u00f3metros.<\/p>\n<!-- AddThis Advanced Settings generic via filter on the_content --><!-- AddThis Share Buttons generic via filter on the_content -->","protected":false},"excerpt":{"rendered":"<p>El Club Prisi\u00f1as de Olivenza ha organizado una ruta nocturna. La marcha tendr\u00e1 lugar este s\u00e1bado 23 de mayo como actividad previa al &#8216;Viaje de Carlota&#8216;, una nueva ruta teatralizada que tendr\u00e1 lugar el 13 de junio y para la que ya han agotado todas sus plazas. Aprovechando el fresco de la noche, los caminantes [&hellip;]<!-- AddThis Advanced Settings generic via filter on get_the_excerpt --><!-- AddThis Share Buttons generic via filter on get_the_excerpt --><\/p>\n","protected":false},"author":27,"featured_media":0,"comment_status":"open","ping_status":"closed","sticky":false,"template":"","format":"standard","meta":[],"categories":[4],"tags":[],"_links":{"self":[{"href":"https:\/\/blogs.hoy.es\/senderosextremadura\/wp-json\/wp\/v2\/posts\/3353"}],"collection":[{"href":"https:\/\/blogs.hoy.es\/senderosextremadura\/wp-json\/wp\/v2\/posts"}],"about":[{"href":"https:\/\/blogs.hoy.es\/senderosextremadura\/wp-json\/wp\/v2\/types\/post"}],"author":[{"embeddable":true,"href":"https:\/\/blogs.hoy.es\/senderosextremadura\/wp-json\/wp\/v2\/users\/27"}],"replies":[{"embeddable":true,"href":"https:\/\/blogs.hoy.es\/senderosextremadura\/wp-json\/wp\/v2\/comments?post=3353"}],"version-history":[{"count":0,"href":"https:\/\/blogs.hoy.es\/senderosextremadura\/wp-json\/wp\/v2\/posts\/3353\/revisions"}],"wp:attachment":[{"href":"https:\/\/blogs.hoy.es\/senderosextremadura\/wp-json\/wp\/v2\/media?parent=3353"}],"wp:term":[{"taxonomy":"category","embeddable":true,"href":"https:\/\/blogs.hoy.es\/senderosextremadura\/wp-json\/wp\/v2\/categories?post=3353"},{"taxonomy":"post_tag","embeddable":true,"href":"https:\/\/blogs.hoy.es\/senderosextremadura\/wp-json\/wp\/v2\/tags?post=3353"}],"curies":[{"name":"wp","href":"https:\/\/api.w.org\/{rel}","templated":true}]}}