{"id":3356,"date":"2015-05-27T16:32:12","date_gmt":"2015-05-27T16:32:12","guid":{"rendered":"http:\/\/blogs.hoy.es\/senderosextremadura\/?p=3356"},"modified":"2015-05-27T16:32:12","modified_gmt":"2015-05-27T16:32:12","slug":"el-club-del-caminante-realiza-este-domingo-una-marcha-por-castelo-da-vide","status":"publish","type":"post","link":"https:\/\/blogs.hoy.es\/senderosextremadura\/2015\/05\/27\/el-club-del-caminante-realiza-este-domingo-una-marcha-por-castelo-da-vide\/","title":{"rendered":"El Club del Caminante realiza este domingo una marcha por Castelo da Vide"},"content":{"rendered":"<div id=\"attachment_3358\" style=\"width: 610px\" class=\"wp-caption aligncenter\"><a href=\"https:\/\/blogs.hoy.es\/senderosextremadura\/\"><img aria-describedby=\"caption-attachment-3358\" loading=\"lazy\" class=\"size-large wp-image-3358\" src=\"\/senderosextremadura\/wp-content\/uploads\/sites\/22\/2015\/05\/castelo.jpg\" alt=\"\" width=\"600\" height=\"400\" srcset=\"https:\/\/static-blogs.hoy.es\/wp-content\/uploads\/sites\/22\/2015\/05\/castelo.jpg 960w, https:\/\/static-blogs.hoy.es\/wp-content\/uploads\/sites\/22\/2015\/05\/castelo-300x200.jpg 300w, https:\/\/static-blogs.hoy.es\/wp-content\/uploads\/sites\/22\/2015\/05\/castelo-768x512.jpg 768w, https:\/\/static-blogs.hoy.es\/wp-content\/uploads\/sites\/22\/2015\/05\/castelo-600x400.jpg 600w\" sizes=\"(max-width: 600px) 100vw, 600px\" \/><\/a><p id=\"caption-attachment-3358\" class=\"wp-caption-text\">Vistas de la poblaci\u00f3n desde su castillo:: A. MURILLO<\/p><\/div>\n<p style=\"text-align: center;\">\n<p>El <strong>Club del Caminante de Badajoz<\/strong>realiza el pr\u00f3ximo domingo 31 de mayo una ruta por la localidad portuguesa de Castelo da Vide. Ser\u00e1 una marcha de 15 kil\u00f3metros y dificultad media. Esta bella localidad alentejana posee \u00a0un importante patrimonio hist\u00f3rico muy bien conservado. Destacan su\u00a0castillo del siglo XII\u00a0y su juder\u00eda de empinadas callejuelas. A escasos kil\u00f3metros de Marv\u00e3o, Castelo de Vide tambi\u00e9n presume de doble muralla, la medieval y la abaluartada.<!--more--><\/p>\n<p>La salida desde Badajoz tendr\u00e1 lugar a las ocho de la ma\u00f1ana desde el ancla de Santa Marina.<\/p>\n<p>El precio para los socios es de 10 euros y de 20 para los no socios (incluye seguro).\u00a0Las inscripciones pueden realizarse hasta el jueves 28.<br \/>\nMas informaci\u00f3n y tel\u00e9fono en la<a href=\"www.clubcaminantebadajoz.es\" target=\"_blank\"> p\u00e1gina web del club.<\/a><\/p>\n<!-- AddThis Advanced Settings generic via filter on the_content --><!-- AddThis Share Buttons generic via filter on the_content -->","protected":false},"excerpt":{"rendered":"<p>El Club del Caminante de Badajozrealiza el pr\u00f3ximo domingo 31 de mayo una ruta por la localidad portuguesa de Castelo da Vide. Ser\u00e1 una marcha de 15 kil\u00f3metros y dificultad media. Esta bella localidad alentejana posee \u00a0un importante patrimonio hist\u00f3rico muy bien conservado. Destacan su\u00a0castillo del siglo XII\u00a0y su juder\u00eda de empinadas callejuelas. A escasos [&hellip;]<!-- AddThis Advanced Settings generic via filter on get_the_excerpt --><!-- AddThis Share Buttons generic via filter on get_the_excerpt --><\/p>\n","protected":false},"author":27,"featured_media":0,"comment_status":"open","ping_status":"closed","sticky":false,"template":"","format":"standard","meta":[],"categories":[4],"tags":[179,214,646,864,906],"_links":{"self":[{"href":"https:\/\/blogs.hoy.es\/senderosextremadura\/wp-json\/wp\/v2\/posts\/3356"}],"collection":[{"href":"https:\/\/blogs.hoy.es\/senderosextremadura\/wp-json\/wp\/v2\/posts"}],"about":[{"href":"https:\/\/blogs.hoy.es\/senderosextremadura\/wp-json\/wp\/v2\/types\/post"}],"author":[{"embeddable":true,"href":"https:\/\/blogs.hoy.es\/senderosextremadura\/wp-json\/wp\/v2\/users\/27"}],"replies":[{"embeddable":true,"href":"https:\/\/blogs.hoy.es\/senderosextremadura\/wp-json\/wp\/v2\/comments?post=3356"}],"version-history":[{"count":0,"href":"https:\/\/blogs.hoy.es\/senderosextremadura\/wp-json\/wp\/v2\/posts\/3356\/revisions"}],"wp:attachment":[{"href":"https:\/\/blogs.hoy.es\/senderosextremadura\/wp-json\/wp\/v2\/media?parent=3356"}],"wp:term":[{"taxonomy":"category","embeddable":true,"href":"https:\/\/blogs.hoy.es\/senderosextremadura\/wp-json\/wp\/v2\/categories?post=3356"},{"taxonomy":"post_tag","embeddable":true,"href":"https:\/\/blogs.hoy.es\/senderosextremadura\/wp-json\/wp\/v2\/tags?post=3356"}],"curies":[{"name":"wp","href":"https:\/\/api.w.org\/{rel}","templated":true}]}}