{"id":3359,"date":"2015-05-27T17:11:38","date_gmt":"2015-05-27T17:11:38","guid":{"rendered":"http:\/\/blogs.hoy.es\/senderosextremadura\/?p=3359"},"modified":"2015-05-27T17:11:38","modified_gmt":"2015-05-27T17:11:38","slug":"senderismo-slow-para-descubrir-las-villuercas-30-de-mayo","status":"publish","type":"post","link":"https:\/\/blogs.hoy.es\/senderosextremadura\/2015\/05\/27\/senderismo-slow-para-descubrir-las-villuercas-30-de-mayo\/","title":{"rendered":"Senderismo &#039;slow&#039; para descubrir las Villuercas (30 de mayo)"},"content":{"rendered":"<p><a href=\"https:\/\/blogs.hoy.es\/senderosextremadura\/\"><img loading=\"lazy\" class=\"aligncenter size-large wp-image-3361\" title=\"\" src=\"\/senderosextremadura\/wp-content\/uploads\/sites\/22\/2015\/05\/sinclinal.jpg\" alt=\"\" width=\"600\" height=\"600\" srcset=\"https:\/\/static-blogs.hoy.es\/wp-content\/uploads\/sites\/22\/2015\/05\/sinclinal.jpg 640w, https:\/\/static-blogs.hoy.es\/wp-content\/uploads\/sites\/22\/2015\/05\/sinclinal-150x150.jpg 150w, https:\/\/static-blogs.hoy.es\/wp-content\/uploads\/sites\/22\/2015\/05\/sinclinal-300x300.jpg 300w, https:\/\/static-blogs.hoy.es\/wp-content\/uploads\/sites\/22\/2015\/05\/sinclinal-600x600.jpg 600w\" sizes=\"(max-width: 600px) 100vw, 600px\" \/><\/a><\/p>\n<p>La <strong>comarca cacere\u00f1a Villuercas-Ibores-Jara<\/strong> celebra Geodisea, la sexta semana europea del geoparque extreme\u00f1o. El programa se celebra <strong>del 29 de mayo al 7 de junio<\/strong> y llega cargado de propuestas. Desde casas rurales que abren sus puertas para visitar el valle y conocer la vida de os animales que viven en \u00e9l, hasta rutas senderistas &#8216; slow&#8217; para descubrir sin prisas la historia de la <strong>tierra m\u00e1s antigua de la Pen\u00ednsula Ib\u00e9rica<\/strong>.Una de estas caminatas se realizar\u00e1 el pr\u00f3ximo s\u00e1bado <strong>30 de mayo hasta la garganta de las Truchas<\/strong>.<!--more-->La ruta organizada por Natrural Explorers del Geoparque tiene un recorrido de 17 kil\u00f3metros y dificultad media. El precio de inscripci\u00f3n es de 10 euros e incluye gu\u00edas especializados. La salida tendr\u00e1 lugar a las diez de la ma\u00f1ana desde el merendero de los Horcones, en la carretera CV-20. El tel\u00e9fono para informaci\u00f3n y reservas es 640678071<\/p>\n<!-- AddThis Advanced Settings generic via filter on the_content --><!-- AddThis Share Buttons generic via filter on the_content -->","protected":false},"excerpt":{"rendered":"<p>La comarca cacere\u00f1a Villuercas-Ibores-Jara celebra Geodisea, la sexta semana europea del geoparque extreme\u00f1o. El programa se celebra del 29 de mayo al 7 de junio y llega cargado de propuestas. Desde casas rurales que abren sus puertas para visitar el valle y conocer la vida de os animales que viven en \u00e9l, hasta rutas senderistas [&hellip;]<!-- AddThis Advanced Settings generic via filter on get_the_excerpt --><!-- AddThis Share Buttons generic via filter on get_the_excerpt --><\/p>\n","protected":false},"author":27,"featured_media":0,"comment_status":"open","ping_status":"closed","sticky":false,"template":"","format":"standard","meta":[],"categories":[4],"tags":[301,836,858,906],"_links":{"self":[{"href":"https:\/\/blogs.hoy.es\/senderosextremadura\/wp-json\/wp\/v2\/posts\/3359"}],"collection":[{"href":"https:\/\/blogs.hoy.es\/senderosextremadura\/wp-json\/wp\/v2\/posts"}],"about":[{"href":"https:\/\/blogs.hoy.es\/senderosextremadura\/wp-json\/wp\/v2\/types\/post"}],"author":[{"embeddable":true,"href":"https:\/\/blogs.hoy.es\/senderosextremadura\/wp-json\/wp\/v2\/users\/27"}],"replies":[{"embeddable":true,"href":"https:\/\/blogs.hoy.es\/senderosextremadura\/wp-json\/wp\/v2\/comments?post=3359"}],"version-history":[{"count":0,"href":"https:\/\/blogs.hoy.es\/senderosextremadura\/wp-json\/wp\/v2\/posts\/3359\/revisions"}],"wp:attachment":[{"href":"https:\/\/blogs.hoy.es\/senderosextremadura\/wp-json\/wp\/v2\/media?parent=3359"}],"wp:term":[{"taxonomy":"category","embeddable":true,"href":"https:\/\/blogs.hoy.es\/senderosextremadura\/wp-json\/wp\/v2\/categories?post=3359"},{"taxonomy":"post_tag","embeddable":true,"href":"https:\/\/blogs.hoy.es\/senderosextremadura\/wp-json\/wp\/v2\/tags?post=3359"}],"curies":[{"name":"wp","href":"https:\/\/api.w.org\/{rel}","templated":true}]}}