{"id":3365,"date":"2015-06-04T08:39:55","date_gmt":"2015-06-04T08:39:55","guid":{"rendered":"http:\/\/blogs.hoy.es\/senderosextremadura\/?p=3365"},"modified":"2015-06-04T08:39:55","modified_gmt":"2015-06-04T08:39:55","slug":"el-torno-organiza-una-ruta-por-el-parque-nacional-de-monfrague-6-de-junio","status":"publish","type":"post","link":"https:\/\/blogs.hoy.es\/senderosextremadura\/2015\/06\/04\/el-torno-organiza-una-ruta-por-el-parque-nacional-de-monfrague-6-de-junio\/","title":{"rendered":"El Torno organiza una ruta por el Parque Nacional de Monfrag\u00fce (6 de junio)"},"content":{"rendered":"<p><a href=\"https:\/\/blogs.hoy.es\/senderosextremadura\/\"><img loading=\"lazy\" class=\"aligncenter size-full wp-image-3366\" title=\"\" src=\"\/senderosextremadura\/wp-content\/uploads\/sites\/22\/2015\/06\/monfrague.jpg\" alt=\"\" width=\"575\" height=\"323\" srcset=\"https:\/\/static-blogs.hoy.es\/wp-content\/uploads\/sites\/22\/2015\/06\/monfrague.jpg 575w, https:\/\/static-blogs.hoy.es\/wp-content\/uploads\/sites\/22\/2015\/06\/monfrague-300x169.jpg 300w\" sizes=\"(max-width: 575px) 100vw, 575px\" \/><\/a><\/p>\n<p>Ruta senderista apta para todos los p\u00fablicos, incluyendo una visita en autob\u00fas al castillo de Monfrag\u00fce y a los miradores del Parque Nacional, as\u00ed como a Villarreal de San Carlos. <!--more-->Esta es la actividad que organiza el Ayuntamiento de El Torno (C\u00e1ceres) para el s\u00e1bado, con salida desde la misma poblaci\u00f3n a las ocho de la ma\u00f1ana.<\/p>\n<p>M\u00e1s informaci\u00f3n en el 927577191.<\/p>\n<!-- AddThis Advanced Settings generic via filter on the_content --><!-- AddThis Share Buttons generic via filter on the_content -->","protected":false},"excerpt":{"rendered":"<p>Ruta senderista apta para todos los p\u00fablicos, incluyendo una visita en autob\u00fas al castillo de Monfrag\u00fce y a los miradores del Parque Nacional, as\u00ed como a Villarreal de San Carlos.<!-- AddThis Advanced Settings generic via filter on get_the_excerpt --><!-- AddThis Share Buttons generic via filter on get_the_excerpt --><\/p>\n","protected":false},"author":27,"featured_media":0,"comment_status":"open","ping_status":"closed","sticky":false,"template":"","format":"standard","meta":[],"categories":[4],"tags":[515,817,873,906],"_links":{"self":[{"href":"https:\/\/blogs.hoy.es\/senderosextremadura\/wp-json\/wp\/v2\/posts\/3365"}],"collection":[{"href":"https:\/\/blogs.hoy.es\/senderosextremadura\/wp-json\/wp\/v2\/posts"}],"about":[{"href":"https:\/\/blogs.hoy.es\/senderosextremadura\/wp-json\/wp\/v2\/types\/post"}],"author":[{"embeddable":true,"href":"https:\/\/blogs.hoy.es\/senderosextremadura\/wp-json\/wp\/v2\/users\/27"}],"replies":[{"embeddable":true,"href":"https:\/\/blogs.hoy.es\/senderosextremadura\/wp-json\/wp\/v2\/comments?post=3365"}],"version-history":[{"count":0,"href":"https:\/\/blogs.hoy.es\/senderosextremadura\/wp-json\/wp\/v2\/posts\/3365\/revisions"}],"wp:attachment":[{"href":"https:\/\/blogs.hoy.es\/senderosextremadura\/wp-json\/wp\/v2\/media?parent=3365"}],"wp:term":[{"taxonomy":"category","embeddable":true,"href":"https:\/\/blogs.hoy.es\/senderosextremadura\/wp-json\/wp\/v2\/categories?post=3365"},{"taxonomy":"post_tag","embeddable":true,"href":"https:\/\/blogs.hoy.es\/senderosextremadura\/wp-json\/wp\/v2\/tags?post=3365"}],"curies":[{"name":"wp","href":"https:\/\/api.w.org\/{rel}","templated":true}]}}