{"id":3368,"date":"2015-06-09T17:59:03","date_gmt":"2015-06-09T17:59:03","guid":{"rendered":"http:\/\/blogs.hoy.es\/senderosextremadura\/?p=3368"},"modified":"2015-06-09T17:59:03","modified_gmt":"2015-06-09T17:59:03","slug":"la-octava-ruta-tematica-de-prisinas-recorrera-el-viaje-de-carlota-13-de-junio","status":"publish","type":"post","link":"https:\/\/blogs.hoy.es\/senderosextremadura\/2015\/06\/09\/la-octava-ruta-tematica-de-prisinas-recorrera-el-viaje-de-carlota-13-de-junio\/","title":{"rendered":"Los pasos de Carlota guiar\u00e1n la octava ruta tem\u00e1tica de los Prisi\u00f1as (13 de junio)"},"content":{"rendered":"<div>\n<div id=\"attachment_3371\" style=\"width: 610px\" class=\"wp-caption aligncenter\"><a href=\"https:\/\/blogs.hoy.es\/senderosextremadura\/\"><img aria-describedby=\"caption-attachment-3371\" loading=\"lazy\" class=\"size-large wp-image-3371\" title=\"\" src=\"\/senderosextremadura\/wp-content\/uploads\/sites\/22\/2015\/06\/carlota1.jpg\" alt=\"\" width=\"600\" height=\"372\" srcset=\"https:\/\/static-blogs.hoy.es\/wp-content\/uploads\/sites\/22\/2015\/06\/carlota1.jpg 662w, https:\/\/static-blogs.hoy.es\/wp-content\/uploads\/sites\/22\/2015\/06\/carlota1-300x186.jpg 300w, https:\/\/static-blogs.hoy.es\/wp-content\/uploads\/sites\/22\/2015\/06\/carlota1-600x373.jpg 600w\" sizes=\"(max-width: 600px) 100vw, 600px\" \/><\/a><p id=\"caption-attachment-3371\" class=\"wp-caption-text\">Imagen de la ruta tem\u00e1tica La br\u00fajula de Zarco<\/p><\/div>\n<\/div>\n<div>El <a href=\"http:\/\/www.clubsenderistaolivenza.es\/\" target=\"_blank\" rel=\"external nofollow\"><strong>club Prisi\u00f1as de Olivenza<\/strong><\/a> ha programado una nueva ruta teatralizada. En esta ocasi\u00f3n se trata de una marcha norturna de 15 kil\u00f3metros que lleva por t\u00edtulo &#8216;El Viaje de Carlota&#8217;. La actividad tenr\u00e1 lugar este s\u00e1bado 13 de junio. La hora de recepci\u00f3n de participantes est\u00e1 fijada para las 20.30 horas en una finca en la Carretera de Villarreal de Olivenza. <!--more-->La ruta comenzar\u00e1 a las 21:30 para recorrer 15 kil\u00f3metros que estar\u00e1n envueltos de ilusi\u00f3n y magia.\u00a0 Esta ser\u00e1 la octava ruta tem\u00e1tica del club Prisi\u00f1as, que ha trasladado ya a miles de personas a trav\u00e9s de los senderos de la fantas\u00eda en aventuras como Los Matacanes, Las Corujas, Oz o la Br\u00fajula de Zarco.<\/div>\n<div><a href=\"https:\/\/blogs.hoy.es\/senderosextremadura\/2015\/06\/09\/la-octava-ruta-tematica-de-prisinas-recorrera-el-viaje-de-carlota-13-de-junio\/carlota-plazas\/\" rel=\"attachment wp-att-3372\"><img loading=\"lazy\" class=\"aligncenter size-large wp-image-3372\" title=\"\" src=\"\/senderosextremadura\/wp-content\/uploads\/sites\/22\/2015\/06\/carlota-plazas.jpg\" alt=\"\" width=\"600\" height=\"424\" srcset=\"https:\/\/static-blogs.hoy.es\/wp-content\/uploads\/sites\/22\/2015\/06\/carlota-plazas.jpg 725w, https:\/\/static-blogs.hoy.es\/wp-content\/uploads\/sites\/22\/2015\/06\/carlota-plazas-300x212.jpg 300w, https:\/\/static-blogs.hoy.es\/wp-content\/uploads\/sites\/22\/2015\/06\/carlota-plazas-600x425.jpg 600w\" sizes=\"(max-width: 600px) 100vw, 600px\" \/><\/a><\/div>\n<div><\/div>\n<div><\/div>\n<div><\/div>\n<div>Toda la informaci\u00f3n sobre inscripciones (con un precio de 10 euros) en la w<a href=\"www.clubsenderistaolivenza.es \" target=\"_blank\">eb del Club Prisi\u00f1as de Olivenza.<\/a><em> L<\/em>as plazas son limitadas.<em><br \/>\n<\/em><\/div>\n<!-- AddThis Advanced Settings generic via filter on the_content --><!-- AddThis Share Buttons generic via filter on the_content -->","protected":false},"excerpt":{"rendered":"<p>El club Prisi\u00f1as de Olivenza ha programado una nueva ruta teatralizada. En esta ocasi\u00f3n se trata de una marcha norturna de 15 kil\u00f3metros que lleva por t\u00edtulo &#8216;El Viaje de Carlota&#8217;. La actividad tenr\u00e1 lugar este s\u00e1bado 13 de junio. La hora de recepci\u00f3n de participantes est\u00e1 fijada para las 20.30 horas en una finca [&hellip;]<!-- AddThis Advanced Settings generic via filter on get_the_excerpt --><!-- AddThis Share Buttons generic via filter on get_the_excerpt --><\/p>\n","protected":false},"author":27,"featured_media":0,"comment_status":"open","ping_status":"closed","sticky":false,"template":"","format":"standard","meta":[],"categories":[4],"tags":[220,587,817,836,873,877],"_links":{"self":[{"href":"https:\/\/blogs.hoy.es\/senderosextremadura\/wp-json\/wp\/v2\/posts\/3368"}],"collection":[{"href":"https:\/\/blogs.hoy.es\/senderosextremadura\/wp-json\/wp\/v2\/posts"}],"about":[{"href":"https:\/\/blogs.hoy.es\/senderosextremadura\/wp-json\/wp\/v2\/types\/post"}],"author":[{"embeddable":true,"href":"https:\/\/blogs.hoy.es\/senderosextremadura\/wp-json\/wp\/v2\/users\/27"}],"replies":[{"embeddable":true,"href":"https:\/\/blogs.hoy.es\/senderosextremadura\/wp-json\/wp\/v2\/comments?post=3368"}],"version-history":[{"count":0,"href":"https:\/\/blogs.hoy.es\/senderosextremadura\/wp-json\/wp\/v2\/posts\/3368\/revisions"}],"wp:attachment":[{"href":"https:\/\/blogs.hoy.es\/senderosextremadura\/wp-json\/wp\/v2\/media?parent=3368"}],"wp:term":[{"taxonomy":"category","embeddable":true,"href":"https:\/\/blogs.hoy.es\/senderosextremadura\/wp-json\/wp\/v2\/categories?post=3368"},{"taxonomy":"post_tag","embeddable":true,"href":"https:\/\/blogs.hoy.es\/senderosextremadura\/wp-json\/wp\/v2\/tags?post=3368"}],"curies":[{"name":"wp","href":"https:\/\/api.w.org\/{rel}","templated":true}]}}