{"id":3373,"date":"2015-06-11T21:32:53","date_gmt":"2015-06-11T21:32:53","guid":{"rendered":"http:\/\/blogs.hoy.es\/senderosextremadura\/?p=3373"},"modified":"2015-06-11T21:32:53","modified_gmt":"2015-06-11T21:32:53","slug":"ruta-madrugadora-para-ver-el-amanecer-en-la-sierra-de-la-codosera-14-de-junio","status":"publish","type":"post","link":"https:\/\/blogs.hoy.es\/senderosextremadura\/2015\/06\/11\/ruta-madrugadora-para-ver-el-amanecer-en-la-sierra-de-la-codosera-14-de-junio\/","title":{"rendered":"Ruta madrugadora para ver amanecer en la Sierra de la Codosera (14 de junio)"},"content":{"rendered":"<p><a href=\"https:\/\/blogs.hoy.es\/senderosextremadura\/2015\/06\/11\/ruta-madrugadora-para-ver-el-amanecer-en-la-sierra-de-la-codosera-14-de-junio\/andariegos\/\" rel=\"attachment wp-att-3375\"><img loading=\"lazy\" class=\"aligncenter size-large wp-image-3375\" title=\"Ruta por La Codosera\" src=\"\/senderosextremadura\/wp-content\/uploads\/sites\/22\/2015\/06\/andariegos.jpg\" alt=\"\" width=\"600\" height=\"450\" srcset=\"https:\/\/static-blogs.hoy.es\/wp-content\/uploads\/sites\/22\/2015\/06\/andariegos.jpg 960w, https:\/\/static-blogs.hoy.es\/wp-content\/uploads\/sites\/22\/2015\/06\/andariegos-300x225.jpg 300w, https:\/\/static-blogs.hoy.es\/wp-content\/uploads\/sites\/22\/2015\/06\/andariegos-768x576.jpg 768w, https:\/\/static-blogs.hoy.es\/wp-content\/uploads\/sites\/22\/2015\/06\/andariegos-600x450.jpg 600w\" sizes=\"(max-width: 600px) 100vw, 600px\" \/><\/a><\/p>\n<p><a id=\"js_3k\" href=\"https:\/\/www.facebook.com\/andariegos.coseranos?fref=photo\" data-hovercard=\"\/ajax\/hovercard\/user.php?id=100001259556905\" rel=\"external nofollow\">Andariegos Coseranos<\/a> ha preparado una ruta para amanecer en la sierra este pr\u00f3ximo domingo 14 de junio. El grupo senderista, en colaboraci\u00f3n con la Oficina de Turismo de La Codosera, nos propone una caminata madrugadora para disfrutar de los primeros compases del d\u00eda. La marcha comenzar\u00e1 a las seis de la ma\u00f1ana en la plaza del Ayuntamiento.<!--more--> Durante el trayecto se har\u00e1 parada en la Pe\u00f1a la Ni\u00f1a y El Barrero. Los caminantes recorrer\u00e1n un trayecto de unos siete kil\u00f3metros en serderos con poca dificultad. Al regresar al pueblo repondr\u00e1n fuerzas con un buen desayuno a base de churros en la cafeter\u00eda Fareo. La inscripci\u00f3n es gratuita.<\/p>\n<p>M\u00e1s informaci\u00f3n en el <a href=\"https:\/\/www.facebook.com\/andariegos.coseranos?fref=ts\" target=\"_blank\" rel=\"external nofollow\">perfil de Facebook del grupo.<\/a><\/p>\n<!-- AddThis Advanced Settings generic via filter on the_content --><!-- AddThis Share Buttons generic via filter on the_content -->","protected":false},"excerpt":{"rendered":"<p>Andariegos Coseranos ha preparado una ruta para amanecer en la sierra este pr\u00f3ximo domingo 14 de junio. El grupo senderista, en colaboraci\u00f3n con la Oficina de Turismo de La Codosera, nos propone una caminata madrugadora para disfrutar de los primeros compases del d\u00eda. La marcha comenzar\u00e1 a las seis de la ma\u00f1ana en la plaza [&hellip;]<!-- AddThis Advanced Settings generic via filter on get_the_excerpt --><!-- AddThis Share Buttons generic via filter on get_the_excerpt --><\/p>\n","protected":false},"author":27,"featured_media":0,"comment_status":"open","ping_status":"closed","sticky":false,"template":"","format":"standard","meta":[],"categories":[4],"tags":[427,817,836,906,944],"_links":{"self":[{"href":"https:\/\/blogs.hoy.es\/senderosextremadura\/wp-json\/wp\/v2\/posts\/3373"}],"collection":[{"href":"https:\/\/blogs.hoy.es\/senderosextremadura\/wp-json\/wp\/v2\/posts"}],"about":[{"href":"https:\/\/blogs.hoy.es\/senderosextremadura\/wp-json\/wp\/v2\/types\/post"}],"author":[{"embeddable":true,"href":"https:\/\/blogs.hoy.es\/senderosextremadura\/wp-json\/wp\/v2\/users\/27"}],"replies":[{"embeddable":true,"href":"https:\/\/blogs.hoy.es\/senderosextremadura\/wp-json\/wp\/v2\/comments?post=3373"}],"version-history":[{"count":0,"href":"https:\/\/blogs.hoy.es\/senderosextremadura\/wp-json\/wp\/v2\/posts\/3373\/revisions"}],"wp:attachment":[{"href":"https:\/\/blogs.hoy.es\/senderosextremadura\/wp-json\/wp\/v2\/media?parent=3373"}],"wp:term":[{"taxonomy":"category","embeddable":true,"href":"https:\/\/blogs.hoy.es\/senderosextremadura\/wp-json\/wp\/v2\/categories?post=3373"},{"taxonomy":"post_tag","embeddable":true,"href":"https:\/\/blogs.hoy.es\/senderosextremadura\/wp-json\/wp\/v2\/tags?post=3373"}],"curies":[{"name":"wp","href":"https:\/\/api.w.org\/{rel}","templated":true}]}}