{"id":3380,"date":"2015-06-16T11:33:44","date_gmt":"2015-06-16T11:33:44","guid":{"rendered":"http:\/\/blogs.hoy.es\/senderosextremadura\/?p=3380"},"modified":"2015-06-16T11:33:44","modified_gmt":"2015-06-16T11:33:44","slug":"xalima-realizara-una-circular-por-la-sierra-de-gredos-28-de-junio","status":"publish","type":"post","link":"https:\/\/blogs.hoy.es\/senderosextremadura\/2015\/06\/16\/xalima-realizara-una-circular-por-la-sierra-de-gredos-28-de-junio\/","title":{"rendered":"X\u00e1lima realizar\u00e1 una circular por la Sierra de Gredos (28 de junio)"},"content":{"rendered":"<p><a href=\"https:\/\/blogs.hoy.es\/senderosextremadura\/\"><img loading=\"lazy\" class=\"aligncenter size-full wp-image-3382\" title=\"\" src=\"\/senderosextremadura\/wp-content\/uploads\/sites\/22\/2015\/06\/gredos.jpg\" alt=\"\" width=\"259\" height=\"194\" \/><\/a><\/p>\n<p>La <strong>Asociaci\u00f3n deportiva de monta\u00f1a X\u00e1lima<\/strong> realizar\u00e1 el 28 de junio una <strong>ruta por la Sierra de Gredos<\/strong>. La marcha circular recorrer\u00e1 partir\u00e1 de la Nava del Barco y transitar\u00e1 por la <strong>Laguna de la Nava<\/strong>. Los participantes recorrer\u00e1n unos <strong>19 kil\u00f3metros<\/strong> durante una traves\u00eda de unas \u00a0seis horas. \u00a0Los senderistas saldr\u00e1n en autob\u00fas desde la localidad cacere\u00f1a de \u00a0Moraleja.<\/p>\n<p><!--more-->La salida est\u00e1 prevista \u00a0a las siete de la ma\u00f1ana desde la avenida de Extremadura. El precio de inscripci\u00f3n es de seis euros para socios y de diez para no socios.<\/p>\n<p>M\u00e1s informaci\u00f3n en\u00a0ademoxa@hotmail.com<\/p>\n<!-- AddThis Advanced Settings generic via filter on the_content --><!-- AddThis Share Buttons generic via filter on the_content -->","protected":false},"excerpt":{"rendered":"<p>La Asociaci\u00f3n deportiva de monta\u00f1a X\u00e1lima realizar\u00e1 el 28 de junio una ruta por la Sierra de Gredos. La marcha circular recorrer\u00e1 partir\u00e1 de la Nava del Barco y transitar\u00e1 por la Laguna de la Nava. Los participantes recorrer\u00e1n unos 19 kil\u00f3metros durante una traves\u00eda de unas \u00a0seis horas. \u00a0Los senderistas saldr\u00e1n en autob\u00fas desde [&hellip;]<!-- AddThis Advanced Settings generic via filter on get_the_excerpt --><!-- AddThis Share Buttons generic via filter on get_the_excerpt --><\/p>\n","protected":false},"author":27,"featured_media":0,"comment_status":"open","ping_status":"closed","sticky":false,"template":"","format":"standard","meta":[],"categories":[4],"tags":[538,821,906,978,1035],"_links":{"self":[{"href":"https:\/\/blogs.hoy.es\/senderosextremadura\/wp-json\/wp\/v2\/posts\/3380"}],"collection":[{"href":"https:\/\/blogs.hoy.es\/senderosextremadura\/wp-json\/wp\/v2\/posts"}],"about":[{"href":"https:\/\/blogs.hoy.es\/senderosextremadura\/wp-json\/wp\/v2\/types\/post"}],"author":[{"embeddable":true,"href":"https:\/\/blogs.hoy.es\/senderosextremadura\/wp-json\/wp\/v2\/users\/27"}],"replies":[{"embeddable":true,"href":"https:\/\/blogs.hoy.es\/senderosextremadura\/wp-json\/wp\/v2\/comments?post=3380"}],"version-history":[{"count":0,"href":"https:\/\/blogs.hoy.es\/senderosextremadura\/wp-json\/wp\/v2\/posts\/3380\/revisions"}],"wp:attachment":[{"href":"https:\/\/blogs.hoy.es\/senderosextremadura\/wp-json\/wp\/v2\/media?parent=3380"}],"wp:term":[{"taxonomy":"category","embeddable":true,"href":"https:\/\/blogs.hoy.es\/senderosextremadura\/wp-json\/wp\/v2\/categories?post=3380"},{"taxonomy":"post_tag","embeddable":true,"href":"https:\/\/blogs.hoy.es\/senderosextremadura\/wp-json\/wp\/v2\/tags?post=3380"}],"curies":[{"name":"wp","href":"https:\/\/api.w.org\/{rel}","templated":true}]}}