{"id":3386,"date":"2015-06-18T10:45:35","date_gmt":"2015-06-18T10:45:35","guid":{"rendered":"http:\/\/blogs.hoy.es\/senderosextremadura\/?p=3386"},"modified":"2015-06-18T10:45:35","modified_gmt":"2015-06-18T10:45:35","slug":"el-centro-excursionista-del-campo-aranuelo-recorre-este-domingo-la-ruta-de-las-cuatro-lagunas","status":"publish","type":"post","link":"https:\/\/blogs.hoy.es\/senderosextremadura\/2015\/06\/18\/el-centro-excursionista-del-campo-aranuelo-recorre-este-domingo-la-ruta-de-las-cuatro-lagunas\/","title":{"rendered":"El Centro Excursionista del Campo Ara\u00f1uelo recorre este domingo la ruta de las Cuatro Lagunas"},"content":{"rendered":"<p><a href=\"https:\/\/blogs.hoy.es\/senderosextremadura\/\"><img loading=\"lazy\" class=\"aligncenter size-full wp-image-3388\" title=\"\" src=\"\/senderosextremadura\/wp-content\/uploads\/sites\/22\/2015\/06\/COVACHA.jpg\" alt=\"\" width=\"550\" height=\"413\" srcset=\"https:\/\/static-blogs.hoy.es\/wp-content\/uploads\/sites\/22\/2015\/06\/COVACHA.jpg 550w, https:\/\/static-blogs.hoy.es\/wp-content\/uploads\/sites\/22\/2015\/06\/COVACHA-300x225.jpg 300w\" sizes=\"(max-width: 550px) 100vw, 550px\" \/><\/a><\/p>\n<p><strong>El Centro Excursionista del Campo Ara<strong>\u00f1<\/strong>uelo cerrar\u00e1 el domingo, hasta el mes de septiembre, las marchas senderistas quincenales con la ruta de Las Cuatro Lagunas, que permitir\u00e1 llegar a los participantes hasta la Nava y los Caballeros partiendo de la poblaci\u00f3n abulense de La Nava del Barco.<!--more--><\/strong><\/p>\n<p>La marcha completa ser\u00e1 de unos 25 kil\u00f3metros, 9 horas de duraci\u00f3n y dificultad 4, si bien se da la posibilidad de realizar otra m\u00e1s corta, de 18 kil\u00f3metros y dificultad 3, llegando solo hasta la laguna de la Nava.<\/p>\n<p>La inscripci\u00f3n para tomar parte debe hacerse en la tarde del viernes, de 20.00 a 21.00 h., en la sede del CECA en la casa del deporte. El autob\u00fas con los senderistas saldr\u00e1 a las siete de la ma\u00f1ana del lugar habitual.<\/p>\n<p>&nbsp;<\/p>\n<p><a href=\"http:\/\/hoynavalmoral.es\/actualidad\/2015-06-18\/centro-excursionista-campo-aranuelo-hara-1208.html\" target=\"_blank\" rel=\"external nofollow\">Fuente: HOY Navalmoral<\/a><\/p>\n<!-- AddThis Advanced Settings generic via filter on the_content --><!-- AddThis Share Buttons generic via filter on the_content -->","protected":false},"excerpt":{"rendered":"<p>El Centro Excursionista del Campo Ara\u00f1uelo cerrar\u00e1 el domingo, hasta el mes de septiembre, las marchas senderistas quincenales con la ruta de Las Cuatro Lagunas, que permitir\u00e1 llegar a los participantes hasta la Nava y los Caballeros partiendo de la poblaci\u00f3n abulense de La Nava del Barco.<!-- AddThis Advanced Settings generic via filter on get_the_excerpt --><!-- AddThis Share Buttons generic via filter on get_the_excerpt --><\/p>\n","protected":false},"author":27,"featured_media":0,"comment_status":"open","ping_status":"closed","sticky":false,"template":"","format":"standard","meta":[],"categories":[4],"tags":[558,821,906,1035],"_links":{"self":[{"href":"https:\/\/blogs.hoy.es\/senderosextremadura\/wp-json\/wp\/v2\/posts\/3386"}],"collection":[{"href":"https:\/\/blogs.hoy.es\/senderosextremadura\/wp-json\/wp\/v2\/posts"}],"about":[{"href":"https:\/\/blogs.hoy.es\/senderosextremadura\/wp-json\/wp\/v2\/types\/post"}],"author":[{"embeddable":true,"href":"https:\/\/blogs.hoy.es\/senderosextremadura\/wp-json\/wp\/v2\/users\/27"}],"replies":[{"embeddable":true,"href":"https:\/\/blogs.hoy.es\/senderosextremadura\/wp-json\/wp\/v2\/comments?post=3386"}],"version-history":[{"count":0,"href":"https:\/\/blogs.hoy.es\/senderosextremadura\/wp-json\/wp\/v2\/posts\/3386\/revisions"}],"wp:attachment":[{"href":"https:\/\/blogs.hoy.es\/senderosextremadura\/wp-json\/wp\/v2\/media?parent=3386"}],"wp:term":[{"taxonomy":"category","embeddable":true,"href":"https:\/\/blogs.hoy.es\/senderosextremadura\/wp-json\/wp\/v2\/categories?post=3386"},{"taxonomy":"post_tag","embeddable":true,"href":"https:\/\/blogs.hoy.es\/senderosextremadura\/wp-json\/wp\/v2\/tags?post=3386"}],"curies":[{"name":"wp","href":"https:\/\/api.w.org\/{rel}","templated":true}]}}