{"id":3389,"date":"2015-06-19T09:41:33","date_gmt":"2015-06-19T09:41:33","guid":{"rendered":"http:\/\/blogs.hoy.es\/senderosextremadura\/?p=3389"},"modified":"2015-06-19T09:41:33","modified_gmt":"2015-06-19T09:41:33","slug":"prisinas-ilumina-una-magica-noche-senderista-en-olivenza","status":"publish","type":"post","link":"https:\/\/blogs.hoy.es\/senderosextremadura\/2015\/06\/19\/prisinas-ilumina-una-magica-noche-senderista-en-olivenza\/","title":{"rendered":"Prisi\u00f1as ilumina una m\u00e1gica noche senderista en Olivenza"},"content":{"rendered":"<div>\n<div id=\"attachment_3390\" style=\"width: 610px\" class=\"wp-caption aligncenter\"><a href=\"https:\/\/blogs.hoy.es\/senderosextremadura\/\"><img aria-describedby=\"caption-attachment-3390\" loading=\"lazy\" class=\"size-large wp-image-3390\" title=\"\" src=\"\/senderosextremadura\/wp-content\/uploads\/sites\/22\/2015\/06\/prisinas.jpg\" alt=\"\" width=\"600\" height=\"449\" srcset=\"https:\/\/static-blogs.hoy.es\/wp-content\/uploads\/sites\/22\/2015\/06\/prisinas.jpg 1027w, https:\/\/static-blogs.hoy.es\/wp-content\/uploads\/sites\/22\/2015\/06\/prisinas-300x225.jpg 300w, https:\/\/static-blogs.hoy.es\/wp-content\/uploads\/sites\/22\/2015\/06\/prisinas-768x576.jpg 768w, https:\/\/static-blogs.hoy.es\/wp-content\/uploads\/sites\/22\/2015\/06\/prisinas-600x450.jpg 600w\" sizes=\"(max-width: 600px) 100vw, 600px\" \/><\/a><p id=\"caption-attachment-3390\" class=\"wp-caption-text\">Un momento de la recreaci\u00f3n:: PRISI\u00d1AS<\/p><\/div>\n<p>Encender el firmamento cada noche\u2026 era la misi\u00f3n de Carlota. Y todos los que viajaron junto a ella el pasado s\u00e1bado 13 de junio pudieron ver ese maravilloso espect\u00e1culo gracias al Club Senderista Prisi\u00f1as de Olivenza, que una vez m\u00e1s transport\u00f3 a seiscientas personas a un mundo repleto de imaginaci\u00f3n y magia.<!--more--><br \/>\nLa recepci\u00f3n tuvo lugar en una finca privada cerca de Villarreal a las 20:30 y la ruta sali\u00f3 puntual a las 21:30 para recorrer 15 kil\u00f3metros en los que todos los participantes viajaron, al caer el anochecer, hasta llegar a un lugar escondido entre los \u00e1rboles. All\u00ed, en la oscuridad de la noche, Carlota sali\u00f3 de su hogar, con su farol encendido y llam\u00f3 a su ayudante Uriel, un gigante de luz de cuatro metros junto al que, lentamente y envueltos en una maravillosa m\u00fasica, encendieron las estrellas y la luna bajo el asombro de todos.<\/p>\n<div id=\"attachment_3392\" style=\"width: 610px\" class=\"wp-caption aligncenter\"><a href=\"https:\/\/blogs.hoy.es\/senderosextremadura\/\"><img aria-describedby=\"caption-attachment-3392\" loading=\"lazy\" class=\"size-large wp-image-3392\" title=\"\" src=\"\/senderosextremadura\/wp-content\/uploads\/sites\/22\/2015\/06\/prisinas-dos.jpg\" alt=\"\" width=\"600\" height=\"399\" srcset=\"https:\/\/static-blogs.hoy.es\/wp-content\/uploads\/sites\/22\/2015\/06\/prisinas-dos.jpg 1155w, https:\/\/static-blogs.hoy.es\/wp-content\/uploads\/sites\/22\/2015\/06\/prisinas-dos-300x200.jpg 300w, https:\/\/static-blogs.hoy.es\/wp-content\/uploads\/sites\/22\/2015\/06\/prisinas-dos-768x512.jpg 768w, https:\/\/static-blogs.hoy.es\/wp-content\/uploads\/sites\/22\/2015\/06\/prisinas-dos-600x400.jpg 600w\" sizes=\"(max-width: 600px) 100vw, 600px\" \/><\/a><p id=\"caption-attachment-3392\" class=\"wp-caption-text\">As\u00ed brill\u00f3 la noche oliventina:: PRISI\u00d1AS<\/p><\/div>\n<p>Al finalizar los senderistas regresaron al punto de partida para degustar una deliciosa barbacoa. All\u00ed, los organizadores del club rememoraron todas las rutas realizadas como sorpresa final, con la participaci\u00f3n de algunos de sus personajes. Una ruta nocturna realmente preciosa y plagada de dulzura. La luz fue realmente la protagonista de esta bonita historia creada por los Prisi\u00f1as. Y, como siempre, la ilusi\u00f3n, se encarg\u00f3 de hacerla inolvidable.<\/p>\n<\/div>\n<div>\n<p>Tras un descanso, Los Prisi\u00f1as volver\u00e1n \u00a0muy pronto. Toda la informaci\u00f3n y fotograf\u00edas se pueden encontrar en la web del club\u00a0<a href=\"http:\/\/www.clubsenderistaolivenza.es\/\" target=\"_blank\" rel=\"external nofollow\">www.<wbr>clubsenderistaolivenza.es<\/wbr><\/a>\u00a0y en su perfil de Facebook.<\/p>\n<p>El Club agradece la participaci\u00f3n y el apoyo del Ayuntamiento de Olivenza, Protecci\u00f3n Civil, y a todos los Prisi\u00f1as que han trabajado y colaborado durante meses para hacer posible esta ruta.<\/p>\n<\/div>\n<!-- AddThis Advanced Settings generic via filter on the_content --><!-- AddThis Share Buttons generic via filter on the_content -->","protected":false},"excerpt":{"rendered":"<p>Encender el firmamento cada noche\u2026 era la misi\u00f3n de Carlota. Y todos los que viajaron junto a ella el pasado s\u00e1bado 13 de junio pudieron ver ese maravilloso espect\u00e1culo gracias al Club Senderista Prisi\u00f1as de Olivenza, que una vez m\u00e1s transport\u00f3 a seiscientas personas a un mundo repleto de imaginaci\u00f3n y magia.<!-- AddThis Advanced Settings generic via filter on get_the_excerpt --><!-- AddThis Share Buttons generic via filter on get_the_excerpt --><\/p>\n","protected":false},"author":27,"featured_media":0,"comment_status":"open","ping_status":"closed","sticky":false,"template":"","format":"standard","meta":[],"categories":[3,4],"tags":[220,817,906],"_links":{"self":[{"href":"https:\/\/blogs.hoy.es\/senderosextremadura\/wp-json\/wp\/v2\/posts\/3389"}],"collection":[{"href":"https:\/\/blogs.hoy.es\/senderosextremadura\/wp-json\/wp\/v2\/posts"}],"about":[{"href":"https:\/\/blogs.hoy.es\/senderosextremadura\/wp-json\/wp\/v2\/types\/post"}],"author":[{"embeddable":true,"href":"https:\/\/blogs.hoy.es\/senderosextremadura\/wp-json\/wp\/v2\/users\/27"}],"replies":[{"embeddable":true,"href":"https:\/\/blogs.hoy.es\/senderosextremadura\/wp-json\/wp\/v2\/comments?post=3389"}],"version-history":[{"count":0,"href":"https:\/\/blogs.hoy.es\/senderosextremadura\/wp-json\/wp\/v2\/posts\/3389\/revisions"}],"wp:attachment":[{"href":"https:\/\/blogs.hoy.es\/senderosextremadura\/wp-json\/wp\/v2\/media?parent=3389"}],"wp:term":[{"taxonomy":"category","embeddable":true,"href":"https:\/\/blogs.hoy.es\/senderosextremadura\/wp-json\/wp\/v2\/categories?post=3389"},{"taxonomy":"post_tag","embeddable":true,"href":"https:\/\/blogs.hoy.es\/senderosextremadura\/wp-json\/wp\/v2\/tags?post=3389"}],"curies":[{"name":"wp","href":"https:\/\/api.w.org\/{rel}","templated":true}]}}