{"id":3397,"date":"2015-07-28T10:14:25","date_gmt":"2015-07-28T10:14:25","guid":{"rendered":"http:\/\/blogs.hoy.es\/senderosextremadura\/?p=3397"},"modified":"2015-07-28T10:14:25","modified_gmt":"2015-07-28T10:14:25","slug":"aceuchal-celebra-su-primera-ruta-nocturna-con-bano-y-masaje-final-1-de-agosto","status":"publish","type":"post","link":"https:\/\/blogs.hoy.es\/senderosextremadura\/2015\/07\/28\/aceuchal-celebra-su-primera-ruta-nocturna-con-bano-y-masaje-final-1-de-agosto\/","title":{"rendered":"Aceuchal celebra su primera ruta nocturna con ba\u00f1o y masaje final (1 de agosto)"},"content":{"rendered":"<div id=\"attachment_3399\" style=\"width: 610px\" class=\"wp-caption aligncenter\"><a href=\"https:\/\/blogs.hoy.es\/senderosextremadura\/\"><img aria-describedby=\"caption-attachment-3399\" loading=\"lazy\" class=\"size-large wp-image-3399\" title=\"\" src=\"\/senderosextremadura\/wp-content\/uploads\/sites\/22\/2015\/07\/aceuchal.jpg\" alt=\"\" width=\"600\" height=\"437\" srcset=\"https:\/\/static-blogs.hoy.es\/wp-content\/uploads\/sites\/22\/2015\/07\/aceuchal.jpg 853w, https:\/\/static-blogs.hoy.es\/wp-content\/uploads\/sites\/22\/2015\/07\/aceuchal-300x219.jpg 300w, https:\/\/static-blogs.hoy.es\/wp-content\/uploads\/sites\/22\/2015\/07\/aceuchal-768x560.jpg 768w, https:\/\/static-blogs.hoy.es\/wp-content\/uploads\/sites\/22\/2015\/07\/aceuchal-600x438.jpg 600w\" sizes=\"(max-width: 600px) 100vw, 600px\" \/><\/a><p id=\"caption-attachment-3399\" class=\"wp-caption-text\">Cartel de la marcha<\/p><\/div>\n<p>La localidad pacense de <a href=\"http:\/\/aceuchal.com\/\" target=\"_blank\" rel=\"external nofollow\">Aceuchal<\/a> celebrar\u00e1 el pr\u00f3ximo 1 de agosto su primera ruta senderista nocturna.\u00a0La caminata comenzar\u00e1 a las 21.30 horas en la ermita de la Soledad. Media hora antes los participantes se concentrar\u00e1n en\u00a0el polideportivo, ubicado en la carretera de Villafranca.\u00a0Se recorrer\u00e1n 12 kil\u00f3metros en un trayecto de dificultad baja. \u00a0El coste de la inscripci\u00f3n, que puede hacerse a trav\u00e9s de la web <a href=\"http:\/\/itacaaventuratierradebarros.blogspot.com.es\/\" target=\"_blank\" rel=\"external nofollow\">www.itacaaventura.com<\/a>, es de 3 euros. \u00a0<!--more-->La ruta terminar\u00e1 entorno a la medianoche, con refresco, fruta, dulces, \u00a0m\u00fasica y ba\u00f1o gratis en la piscina del polideportivo. Tambi\u00e9n habr\u00e1 un sorteo de regalos para todos los asistentes \u00a0a la ruta y los senderistas podr\u00e1n disfrutar de una peque\u00f1a sesi\u00f3n de masaje gratis. Esta actividad\u00a0\u00a0ha sido organizada por el Ayuntamiento y por la asociaci\u00f3n deportiva \u00cdtaca. Podr\u00e1n inscribirse un m\u00e1ximo de 500 personas.<\/p>\n<p>&nbsp;<\/p>\n<p>Accede al <a href=\"https:\/\/docs.google.com\/forms\/d\/1rTrwQcdCBnIbUNWPFWhULMLi-UbNfBF8Ym0lV6cqwtg\/viewform\" target=\"_blank\">formulario de inscripci\u00f3n<\/a>.<\/p>\n<!-- AddThis Advanced Settings generic via filter on the_content --><!-- AddThis Share Buttons generic via filter on the_content -->","protected":false},"excerpt":{"rendered":"<p>La localidad pacense de Aceuchal celebrar\u00e1 el pr\u00f3ximo 1 de agosto su primera ruta senderista nocturna.\u00a0La caminata comenzar\u00e1 a las 21.30 horas en la ermita de la Soledad. Media hora antes los participantes se concentrar\u00e1n en\u00a0el polideportivo, ubicado en la carretera de Villafranca.\u00a0Se recorrer\u00e1n 12 kil\u00f3metros en un trayecto de dificultad baja. \u00a0El coste de [&hellip;]<!-- AddThis Advanced Settings generic via filter on get_the_excerpt --><!-- AddThis Share Buttons generic via filter on get_the_excerpt --><\/p>\n","protected":false},"author":27,"featured_media":0,"comment_status":"open","ping_status":"closed","sticky":false,"template":"","format":"standard","meta":[],"categories":[4],"tags":[10,759,917],"_links":{"self":[{"href":"https:\/\/blogs.hoy.es\/senderosextremadura\/wp-json\/wp\/v2\/posts\/3397"}],"collection":[{"href":"https:\/\/blogs.hoy.es\/senderosextremadura\/wp-json\/wp\/v2\/posts"}],"about":[{"href":"https:\/\/blogs.hoy.es\/senderosextremadura\/wp-json\/wp\/v2\/types\/post"}],"author":[{"embeddable":true,"href":"https:\/\/blogs.hoy.es\/senderosextremadura\/wp-json\/wp\/v2\/users\/27"}],"replies":[{"embeddable":true,"href":"https:\/\/blogs.hoy.es\/senderosextremadura\/wp-json\/wp\/v2\/comments?post=3397"}],"version-history":[{"count":0,"href":"https:\/\/blogs.hoy.es\/senderosextremadura\/wp-json\/wp\/v2\/posts\/3397\/revisions"}],"wp:attachment":[{"href":"https:\/\/blogs.hoy.es\/senderosextremadura\/wp-json\/wp\/v2\/media?parent=3397"}],"wp:term":[{"taxonomy":"category","embeddable":true,"href":"https:\/\/blogs.hoy.es\/senderosextremadura\/wp-json\/wp\/v2\/categories?post=3397"},{"taxonomy":"post_tag","embeddable":true,"href":"https:\/\/blogs.hoy.es\/senderosextremadura\/wp-json\/wp\/v2\/tags?post=3397"}],"curies":[{"name":"wp","href":"https:\/\/api.w.org\/{rel}","templated":true}]}}