{"id":3400,"date":"2015-07-29T07:01:14","date_gmt":"2015-07-29T07:01:14","guid":{"rendered":"http:\/\/blogs.hoy.es\/senderosextremadura\/?p=3400"},"modified":"2015-07-29T07:01:14","modified_gmt":"2015-07-29T07:01:14","slug":"ruta-senderista-nocturna-al-cerro-san-critobal-de-logrosan-31-de-julio","status":"publish","type":"post","link":"https:\/\/blogs.hoy.es\/senderosextremadura\/2015\/07\/29\/ruta-senderista-nocturna-al-cerro-san-critobal-de-logrosan-31-de-julio\/","title":{"rendered":"Ruta senderista nocturna al cerro San Crit\u00f3bal de Logros\u00e1n (31 de julio)"},"content":{"rendered":"<p>El Ayuntamiento de Logros\u00e1n (C\u00e1ceres), en colaboraci\u00f3n con la Asociaci\u00f3n JAVI, ha programado una ruta senderista nocturna al Cerro de San Crist\u00f3bal. La marcha tendr\u00e1 lugar el 31 de julio y se saldr\u00e1 a las once de la noche en la zona del mercadillo. La dificultad es baja. Los menores de 15 a\u00f1os deben ir con acompa\u00f1ante. Se recomienda llevar bocadillo, agua, linterna y calzado cerrado.<\/p>\n<!-- AddThis Advanced Settings generic via filter on the_content --><!-- AddThis Share Buttons generic via filter on the_content -->","protected":false},"excerpt":{"rendered":"<p>El Ayuntamiento de Logros\u00e1n (C\u00e1ceres), en colaboraci\u00f3n con la Asociaci\u00f3n JAVI, ha programado una ruta senderista nocturna al Cerro de San Crist\u00f3bal. La marcha tendr\u00e1 lugar el 31 de julio y se saldr\u00e1 a las once de la noche en la zona del mercadillo. La dificultad es baja. Los menores de 15 a\u00f1os deben ir [&hellip;]<!-- AddThis Advanced Settings generic via filter on get_the_excerpt --><!-- AddThis Share Buttons generic via filter on get_the_excerpt --><\/p>\n","protected":false},"author":27,"featured_media":0,"comment_status":"open","ping_status":"closed","sticky":false,"template":"","format":"standard","meta":[],"categories":[4],"tags":[455],"_links":{"self":[{"href":"https:\/\/blogs.hoy.es\/senderosextremadura\/wp-json\/wp\/v2\/posts\/3400"}],"collection":[{"href":"https:\/\/blogs.hoy.es\/senderosextremadura\/wp-json\/wp\/v2\/posts"}],"about":[{"href":"https:\/\/blogs.hoy.es\/senderosextremadura\/wp-json\/wp\/v2\/types\/post"}],"author":[{"embeddable":true,"href":"https:\/\/blogs.hoy.es\/senderosextremadura\/wp-json\/wp\/v2\/users\/27"}],"replies":[{"embeddable":true,"href":"https:\/\/blogs.hoy.es\/senderosextremadura\/wp-json\/wp\/v2\/comments?post=3400"}],"version-history":[{"count":0,"href":"https:\/\/blogs.hoy.es\/senderosextremadura\/wp-json\/wp\/v2\/posts\/3400\/revisions"}],"wp:attachment":[{"href":"https:\/\/blogs.hoy.es\/senderosextremadura\/wp-json\/wp\/v2\/media?parent=3400"}],"wp:term":[{"taxonomy":"category","embeddable":true,"href":"https:\/\/blogs.hoy.es\/senderosextremadura\/wp-json\/wp\/v2\/categories?post=3400"},{"taxonomy":"post_tag","embeddable":true,"href":"https:\/\/blogs.hoy.es\/senderosextremadura\/wp-json\/wp\/v2\/tags?post=3400"}],"curies":[{"name":"wp","href":"https:\/\/api.w.org\/{rel}","templated":true}]}}