{"id":3404,"date":"2015-07-31T10:39:27","date_gmt":"2015-07-31T10:39:27","guid":{"rendered":"http:\/\/blogs.hoy.es\/senderosextremadura\/?p=3404"},"modified":"2015-07-31T10:39:27","modified_gmt":"2015-07-31T10:39:27","slug":"zalamea-recuerda-con-una-ruta-el-paso-de-felipe-ii-por-la-localidad-1-de-agosto","status":"publish","type":"post","link":"https:\/\/blogs.hoy.es\/senderosextremadura\/2015\/07\/31\/zalamea-recuerda-con-una-ruta-el-paso-de-felipe-ii-por-la-localidad-1-de-agosto\/","title":{"rendered":"Zalamea recuerda con una ruta el pas\u00f3 de Felipe II por la localidad (1 de agosto)"},"content":{"rendered":"<p><a href=\"https:\/\/blogs.hoy.es\/senderosextremadura\/\"><img loading=\"lazy\" class=\"aligncenter size-full wp-image-3405\" title=\"\" src=\"\/senderosextremadura\/wp-content\/uploads\/sites\/22\/2015\/07\/photo-300xXx80.jpg\" alt=\"\" width=\"300\" height=\"211\" \/><\/a><\/p>\n<p>Desde el Club senderista Arsa-Zalamea, tendr\u00e1 lugar la primera ruta senderista nocturna en la localidad. En esta ocasi\u00f3n, por parte de la asociaci\u00f3n, se ha querido hacer un gui\u00f1o al teatro y en concreto a la obra \u00b4El alcalde de Zalamea\u00b4 titulando esta salida con el nombre de Felipe II. <!--more-->Esto es debido a que el monarca espa\u00f1ol, que rein\u00f3 en Espa\u00f1a durante el siglo XVI, pas\u00f3 por esta misma ruta en su viaje hacia Portugal, cuando se dirig\u00eda a reclamar el trono al pa\u00eds vecino del que m\u00e1s tarde se coronar\u00eda como rey. Un original matiz hist\u00f3rico que caracteriza a la primera ruta senderista nocturna de la localidad. Por otro lado, aquellos interesados pueden apuntarse en los siguientes establecimientos locales; Electroclima Rufino y Carnicer\u00eda Lolo. La inscripci\u00f3n tiene el coste simb\u00f3lico de un euro por persona y el plazo estar\u00e1 abierto hasta el viernes 30 de julio. La salida tendr\u00e1 lugar desde la puerta del Ayuntamiento de Zalamea, la ruta, por su parte, ser\u00e1 de dificultad baja y el recorrido tendr\u00e1 una longitud de 11 km. Adem\u00e1s, gracias a la colaboraci\u00f3n de diversos establecimientos de la localidad, el avituallamiento, que incluye comida y bebida, se les proporcionar\u00e1 de forma gratuita a los participantes. Desde la asociaci\u00f3n Arsa-Zalamea animan a los vecinos de Zalamea a pasar una noche de verano diferente entre los hist\u00f3ricos senderos de la comarca.<\/p>\n<p>Fuente: <a href=\"http:\/\/www.hoyzalamea.es\/actualidad\/2015-07-31\/zalamea-serena-acoge-ruta-senderista-1222.html\" rel=\"external nofollow\">HOY Zalamea.<\/a><\/p>\n<!-- AddThis Advanced Settings generic via filter on the_content --><!-- AddThis Share Buttons generic via filter on the_content -->","protected":false},"excerpt":{"rendered":"<p>Desde el Club senderista Arsa-Zalamea, tendr\u00e1 lugar la primera ruta senderista nocturna en la localidad. En esta ocasi\u00f3n, por parte de la asociaci\u00f3n, se ha querido hacer un gui\u00f1o al teatro y en concreto a la obra \u00b4El alcalde de Zalamea\u00b4 titulando esta salida con el nombre de Felipe II.<!-- AddThis Advanced Settings generic via filter on get_the_excerpt --><!-- AddThis Share Buttons generic via filter on get_the_excerpt --><\/p>\n","protected":false},"author":27,"featured_media":0,"comment_status":"open","ping_status":"closed","sticky":false,"template":"","format":"standard","meta":[],"categories":[4],"tags":[808,873,906,1115],"_links":{"self":[{"href":"https:\/\/blogs.hoy.es\/senderosextremadura\/wp-json\/wp\/v2\/posts\/3404"}],"collection":[{"href":"https:\/\/blogs.hoy.es\/senderosextremadura\/wp-json\/wp\/v2\/posts"}],"about":[{"href":"https:\/\/blogs.hoy.es\/senderosextremadura\/wp-json\/wp\/v2\/types\/post"}],"author":[{"embeddable":true,"href":"https:\/\/blogs.hoy.es\/senderosextremadura\/wp-json\/wp\/v2\/users\/27"}],"replies":[{"embeddable":true,"href":"https:\/\/blogs.hoy.es\/senderosextremadura\/wp-json\/wp\/v2\/comments?post=3404"}],"version-history":[{"count":0,"href":"https:\/\/blogs.hoy.es\/senderosextremadura\/wp-json\/wp\/v2\/posts\/3404\/revisions"}],"wp:attachment":[{"href":"https:\/\/blogs.hoy.es\/senderosextremadura\/wp-json\/wp\/v2\/media?parent=3404"}],"wp:term":[{"taxonomy":"category","embeddable":true,"href":"https:\/\/blogs.hoy.es\/senderosextremadura\/wp-json\/wp\/v2\/categories?post=3404"},{"taxonomy":"post_tag","embeddable":true,"href":"https:\/\/blogs.hoy.es\/senderosextremadura\/wp-json\/wp\/v2\/tags?post=3404"}],"curies":[{"name":"wp","href":"https:\/\/api.w.org\/{rel}","templated":true}]}}