{"id":3411,"date":"2015-08-24T20:07:54","date_gmt":"2015-08-24T20:07:54","guid":{"rendered":"http:\/\/blogs.hoy.es\/senderosextremadura\/?p=3411"},"modified":"2015-08-24T20:07:54","modified_gmt":"2015-08-24T20:07:54","slug":"camina-con-tu-perro-bajo-la-luz-de-la-luna-29-de-agosto","status":"publish","type":"post","link":"https:\/\/blogs.hoy.es\/senderosextremadura\/2015\/08\/24\/camina-con-tu-perro-bajo-la-luz-de-la-luna-29-de-agosto\/","title":{"rendered":"Camina con tu perro bajo la luz de la luna (29 de agosto)"},"content":{"rendered":"<p><a href=\"https:\/\/blogs.hoy.es\/senderosextremadura\/2015\/08\/24\/camina-con-tu-perro-bajo-la-luz-de-la-luna-29-de-agosto\/ruta-jerte\/\" rel=\"attachment wp-att-3412\"><img loading=\"lazy\" class=\"aligncenter  wp-image-3412\" title=\"\" src=\"\/senderosextremadura\/wp-content\/uploads\/sites\/22\/2015\/08\/ruta-jerte.jpg\" alt=\"\" width=\"376\" height=\"530\" srcset=\"https:\/\/static-blogs.hoy.es\/wp-content\/uploads\/sites\/22\/2015\/08\/ruta-jerte-212x300.jpg 212w, https:\/\/static-blogs.hoy.es\/wp-content\/uploads\/sites\/22\/2015\/08\/ruta-jerte-600x848.jpg 600w\" sizes=\"(max-width: 376px) 100vw, 376px\" \/><\/a><\/p>\n<p>La <strong>Asociaci\u00f3n el Refugio Plasencia<\/strong> ha organizado una ruta canina nocturna de una hora de duranci\u00f3n. La marcha tendr\u00e1 lugar el s\u00e1bado 29 de agosto y discurrir\u00e1 por la rivera del r\u00edo Jerte, a su paso por la ciudad, y aprovechando la luna llena.<br \/>\nLa inscripci\u00f3n tiene un coste de 5 o 2 euros, dependiendo de si se quiere como regalo un collar luminoso o una pulsera.<!--more--><br \/>\nLas inscripciones se realizar\u00e1n en el punto de encuentro, en la entrada del parque de La Isla, frente a la estaci\u00f3n de autobuses de Plasencia. Habr\u00e1 mercadillo solidario y venta de agua, bebidas y bocadillos.Todo lo recaudado sera destinado para castraciones y otros gastos veterinarios.<\/p>\n<!-- AddThis Advanced Settings generic via filter on the_content --><!-- AddThis Share Buttons generic via filter on the_content -->","protected":false},"excerpt":{"rendered":"<p>La Asociaci\u00f3n el Refugio Plasencia ha organizado una ruta canina nocturna de una hora de duranci\u00f3n. La marcha tendr\u00e1 lugar el s\u00e1bado 29 de agosto y discurrir\u00e1 por la rivera del r\u00edo Jerte, a su paso por la ciudad, y aprovechando la luna llena. La inscripci\u00f3n tiene un coste de 5 o 2 euros, dependiendo [&hellip;]<!-- AddThis Advanced Settings generic via filter on get_the_excerpt --><!-- AddThis Share Buttons generic via filter on get_the_excerpt --><\/p>\n","protected":false},"author":27,"featured_media":0,"comment_status":"open","ping_status":"closed","sticky":false,"template":"","format":"standard","meta":[],"categories":[4],"tags":[639,695,719,759],"_links":{"self":[{"href":"https:\/\/blogs.hoy.es\/senderosextremadura\/wp-json\/wp\/v2\/posts\/3411"}],"collection":[{"href":"https:\/\/blogs.hoy.es\/senderosextremadura\/wp-json\/wp\/v2\/posts"}],"about":[{"href":"https:\/\/blogs.hoy.es\/senderosextremadura\/wp-json\/wp\/v2\/types\/post"}],"author":[{"embeddable":true,"href":"https:\/\/blogs.hoy.es\/senderosextremadura\/wp-json\/wp\/v2\/users\/27"}],"replies":[{"embeddable":true,"href":"https:\/\/blogs.hoy.es\/senderosextremadura\/wp-json\/wp\/v2\/comments?post=3411"}],"version-history":[{"count":0,"href":"https:\/\/blogs.hoy.es\/senderosextremadura\/wp-json\/wp\/v2\/posts\/3411\/revisions"}],"wp:attachment":[{"href":"https:\/\/blogs.hoy.es\/senderosextremadura\/wp-json\/wp\/v2\/media?parent=3411"}],"wp:term":[{"taxonomy":"category","embeddable":true,"href":"https:\/\/blogs.hoy.es\/senderosextremadura\/wp-json\/wp\/v2\/categories?post=3411"},{"taxonomy":"post_tag","embeddable":true,"href":"https:\/\/blogs.hoy.es\/senderosextremadura\/wp-json\/wp\/v2\/tags?post=3411"}],"curies":[{"name":"wp","href":"https:\/\/api.w.org\/{rel}","templated":true}]}}