{"id":3417,"date":"2015-08-25T16:44:36","date_gmt":"2015-08-25T16:44:36","guid":{"rendered":"http:\/\/blogs.hoy.es\/senderosextremadura\/?p=3417"},"modified":"2015-08-25T16:44:36","modified_gmt":"2015-08-25T16:44:36","slug":"maguilla-celebra-su-primera-ruta-nocturno-28-de-agosto","status":"publish","type":"post","link":"https:\/\/blogs.hoy.es\/senderosextremadura\/2015\/08\/25\/maguilla-celebra-su-primera-ruta-nocturno-28-de-agosto\/","title":{"rendered":"Maguilla celebra su primera ruta nocturna (28 de agosto)"},"content":{"rendered":"<p><a href=\"https:\/\/blogs.hoy.es\/senderosextremadura\/2015\/08\/25\/maguilla-celebra-su-primera-ruta-nocturno-28-de-agosto\/maguilla\/\" rel=\"attachment wp-att-3418\"><img loading=\"lazy\" class=\"wp-image-3418 aligncenter\" title=\"maguilla\" src=\"\/senderosextremadura\/wp-content\/uploads\/sites\/22\/2015\/08\/maguilla.jpg\" alt=\"\" width=\"276\" height=\"489\" \/><\/a>La localidad pacense de Maguilla ha organizado su primera ruta norturna. La marcha, de 15 kil\u00f3metros y dificultad baja, tendr\u00e1 lugar este viernes 28 de agosto. <!--more-->La marcha arrancar\u00e1 a las 19.30 horas desde la Plaza de la Constituci\u00f3n. Los interesados en participar pueden inscribirse en el Ayuntamiento previo pago de 3 euros, mediante ingreso bancario. Al t\u00e9rmino de la marcha se ofrecer\u00e1 un aperitivo en la plaza desde donde parti\u00f3 la caminata.<\/p>\n<!-- AddThis Advanced Settings generic via filter on the_content --><!-- AddThis Share Buttons generic via filter on the_content -->","protected":false},"excerpt":{"rendered":"<p>La localidad pacense de Maguilla ha organizado su primera ruta norturna. La marcha, de 15 kil\u00f3metros y dificultad baja, tendr\u00e1 lugar este viernes 28 de agosto.<!-- AddThis Advanced Settings generic via filter on get_the_excerpt --><!-- AddThis Share Buttons generic via filter on get_the_excerpt --><\/p>\n","protected":false},"author":27,"featured_media":0,"comment_status":"open","ping_status":"closed","sticky":false,"template":"","format":"standard","meta":[],"categories":[4],"tags":[],"_links":{"self":[{"href":"https:\/\/blogs.hoy.es\/senderosextremadura\/wp-json\/wp\/v2\/posts\/3417"}],"collection":[{"href":"https:\/\/blogs.hoy.es\/senderosextremadura\/wp-json\/wp\/v2\/posts"}],"about":[{"href":"https:\/\/blogs.hoy.es\/senderosextremadura\/wp-json\/wp\/v2\/types\/post"}],"author":[{"embeddable":true,"href":"https:\/\/blogs.hoy.es\/senderosextremadura\/wp-json\/wp\/v2\/users\/27"}],"replies":[{"embeddable":true,"href":"https:\/\/blogs.hoy.es\/senderosextremadura\/wp-json\/wp\/v2\/comments?post=3417"}],"version-history":[{"count":0,"href":"https:\/\/blogs.hoy.es\/senderosextremadura\/wp-json\/wp\/v2\/posts\/3417\/revisions"}],"wp:attachment":[{"href":"https:\/\/blogs.hoy.es\/senderosextremadura\/wp-json\/wp\/v2\/media?parent=3417"}],"wp:term":[{"taxonomy":"category","embeddable":true,"href":"https:\/\/blogs.hoy.es\/senderosextremadura\/wp-json\/wp\/v2\/categories?post=3417"},{"taxonomy":"post_tag","embeddable":true,"href":"https:\/\/blogs.hoy.es\/senderosextremadura\/wp-json\/wp\/v2\/tags?post=3417"}],"curies":[{"name":"wp","href":"https:\/\/api.w.org\/{rel}","templated":true}]}}