{"id":342,"date":"2012-04-08T08:22:09","date_gmt":"2012-04-08T08:22:09","guid":{"rendered":"http:\/\/blogs.hoy.es\/senderosextremadura\/?p=342"},"modified":"2012-04-08T08:22:09","modified_gmt":"2012-04-08T08:22:09","slug":"75-kilometros-de-senderos-mejorados-en-las-hurdes","status":"publish","type":"post","link":"https:\/\/blogs.hoy.es\/senderosextremadura\/2012\/04\/08\/75-kilometros-de-senderos-mejorados-en-las-hurdes\/","title":{"rendered":"75 kil\u00f3metros de senderos mejorados en Las Hurdes"},"content":{"rendered":"<div id=\"story-texto\">\n<div><a href=\"\/senderosextremadura\/wp-content\/uploads\/sites\/22\/2012\/04\/senderos.jpg\"><img loading=\"lazy\" class=\"aligncenter size-full wp-image-343\" title=\"senderos\" src=\"\/senderosextremadura\/wp-content\/uploads\/sites\/22\/2012\/04\/senderos.jpg\" alt=\"\" width=\"647\" height=\"300\" srcset=\"https:\/\/static-blogs.hoy.es\/wp-content\/uploads\/sites\/22\/2012\/04\/senderos.jpg 647w, https:\/\/static-blogs.hoy.es\/wp-content\/uploads\/sites\/22\/2012\/04\/senderos-300x139.jpg 300w, https:\/\/static-blogs.hoy.es\/wp-content\/uploads\/sites\/22\/2012\/04\/senderos-600x278.jpg 600w\" sizes=\"(max-width: 647px) 100vw, 647px\" \/><\/a><\/div>\n<h2>La comarca cacere\u00f1a de Las Hurdes mejora sus caminos para el disfrute de los senderistas. La Direcci\u00f3n General de Medio Ambiente del Gobierno de Extremadura ha recepcionado recientemente las obras de construcci\u00f3n y mejora de senderos en la comarca realizadas\u00a0 a lo largo de 75 kil\u00f3metros. Estos corresponden a diez rutas de la comarca hurdana, una actuaci\u00f3n para la que se ha contado con 24 trabajadores de la zona, seg\u00fan el Gobierno regional.<\/h2>\n<h2>Y es que, tras el incendio que sufri\u00f3 esta comarca cacere\u00f1a en el a\u00f1o 2009, fue aprobada una orden que declar\u00f3 esta zona como de \u00abactuaci\u00f3n especial para la restauraci\u00f3n forestal y medioambiental\u00bb y se aprobaron, al mismo tiempo, las obras de emergencia para recuperar el terreno. En un primer momento se actu\u00f3 para luchar contra la erosi\u00f3n y para proteger los cauces, y posteriormente se desarrollaron diversas medidas compensatorias de desarrollo del medio rural.<\/h2>\n<h2>Su objetivo \u00faltimo es \u00abpromover un desarrollo sostenible de la comarca de Las Hurdes gracias al reclamo tur\u00edstico que las distintas sendas suponen para cualquier visitante de la zona\u00bb, explica en nota de prensa el Gobierno regional.<\/h2>\n<\/div>\n<!-- AddThis Advanced Settings generic via filter on the_content --><!-- AddThis Share Buttons generic via filter on the_content -->","protected":false},"excerpt":{"rendered":"<p>La comarca cacere\u00f1a de Las Hurdes mejora sus caminos para el disfrute de los senderistas. La Direcci\u00f3n General de Medio Ambiente del Gobierno de Extremadura ha recepcionado recientemente las obras de construcci\u00f3n y mejora de senderos en la comarca realizadas\u00a0 a lo largo de 75 kil\u00f3metros. Estos corresponden a diez rutas de la comarca hurdana, [&hellip;]<!-- AddThis Advanced Settings generic via filter on get_the_excerpt --><!-- AddThis Share Buttons generic via filter on get_the_excerpt --><\/p>\n","protected":false},"author":27,"featured_media":0,"comment_status":"open","ping_status":"closed","sticky":false,"template":"","format":"standard","meta":[],"categories":[3],"tags":[121,301,398,954],"_links":{"self":[{"href":"https:\/\/blogs.hoy.es\/senderosextremadura\/wp-json\/wp\/v2\/posts\/342"}],"collection":[{"href":"https:\/\/blogs.hoy.es\/senderosextremadura\/wp-json\/wp\/v2\/posts"}],"about":[{"href":"https:\/\/blogs.hoy.es\/senderosextremadura\/wp-json\/wp\/v2\/types\/post"}],"author":[{"embeddable":true,"href":"https:\/\/blogs.hoy.es\/senderosextremadura\/wp-json\/wp\/v2\/users\/27"}],"replies":[{"embeddable":true,"href":"https:\/\/blogs.hoy.es\/senderosextremadura\/wp-json\/wp\/v2\/comments?post=342"}],"version-history":[{"count":0,"href":"https:\/\/blogs.hoy.es\/senderosextremadura\/wp-json\/wp\/v2\/posts\/342\/revisions"}],"wp:attachment":[{"href":"https:\/\/blogs.hoy.es\/senderosextremadura\/wp-json\/wp\/v2\/media?parent=342"}],"wp:term":[{"taxonomy":"category","embeddable":true,"href":"https:\/\/blogs.hoy.es\/senderosextremadura\/wp-json\/wp\/v2\/categories?post=342"},{"taxonomy":"post_tag","embeddable":true,"href":"https:\/\/blogs.hoy.es\/senderosextremadura\/wp-json\/wp\/v2\/tags?post=342"}],"curies":[{"name":"wp","href":"https:\/\/api.w.org\/{rel}","templated":true}]}}