{"id":3439,"date":"2015-09-29T09:40:29","date_gmt":"2015-09-29T09:40:29","guid":{"rendered":"http:\/\/blogs.hoy.es\/senderosextremadura\/?p=3439"},"modified":"2015-09-29T09:40:29","modified_gmt":"2015-09-29T09:40:29","slug":"senderismo-solidario-en-la-feria-de-muestras-de-serrejon-4-de-octubre","status":"publish","type":"post","link":"https:\/\/blogs.hoy.es\/senderosextremadura\/2015\/09\/29\/senderismo-solidario-en-la-feria-de-muestras-de-serrejon-4-de-octubre\/","title":{"rendered":"Senderismo solidario en la feria de muestras de Serrej\u00f3n (4 de octubre)"},"content":{"rendered":"<p><a href=\"https:\/\/blogs.hoy.es\/senderosextremadura\/\"><img loading=\"lazy\" class=\"aligncenter size-full wp-image-3441\" title=\"\" src=\"\/senderosextremadura\/wp-content\/uploads\/sites\/22\/2015\/09\/serrejon.jpg\" alt=\"\" width=\"500\" height=\"332\" srcset=\"https:\/\/static-blogs.hoy.es\/wp-content\/uploads\/sites\/22\/2015\/09\/serrejon.jpg 500w, https:\/\/static-blogs.hoy.es\/wp-content\/uploads\/sites\/22\/2015\/09\/serrejon-300x199.jpg 300w\" sizes=\"(max-width: 500px) 100vw, 500px\" \/><\/a><\/p>\n<p>&nbsp;<\/p>\n<p>Serrej\u00f3n organiza este fin de semana una ruta senderista, talleres de elaboraci\u00f3n de quesos, catas de vino o exposiciones de patchwork en la sexta edici\u00f3n de la feria de muestras Open Lab, que tiene un marcado car\u00e1cter solidario. Parte de lo recaudado en algunas actividades se destinar\u00e1 a proyectos solidarios como la entrada a la exposici\u00f3n de patchwork, que ir\u00e1 a parar al comedor infantil de Formosa (Argentina) o una ruta de senderismo, cuya inscripci\u00f3n cuesta tres euros, que se donar\u00e1n a la Asociaci\u00f3n Oncol\u00f3gica de Extremadura.<!--more--><\/p>\n<p>Adem\u00e1s de la ruta, que se celebrar\u00e1 el domingo 4 de octubre, a lo largo del s\u00e1bado y el domingo, habr\u00e1 exhibiciones de cetrer\u00eda, de tiro con arco, talleres de artesan\u00eda, talleres de elaboraci\u00f3n de queso, catas de vino, pasacalles y conciertos, o una visita a la berrea, adem\u00e1s de los cuarenta stand de productos locales y de artesan\u00eda.<\/p>\n<p>La caminata comenzar\u00e1 a las ocho de la ma\u00f1ana en la plaza de la localidad cacere\u00f1a. Requiere \u00a0inscripci\u00f3n previa en el stand del Ayuntamiento.<\/p>\n<!-- AddThis Advanced Settings generic via filter on the_content --><!-- AddThis Share Buttons generic via filter on the_content -->","protected":false},"excerpt":{"rendered":"<p>&nbsp; Serrej\u00f3n organiza este fin de semana una ruta senderista, talleres de elaboraci\u00f3n de quesos, catas de vino o exposiciones de patchwork en la sexta edici\u00f3n de la feria de muestras Open Lab, que tiene un marcado car\u00e1cter solidario. Parte de lo recaudado en algunas actividades se destinar\u00e1 a proyectos solidarios como la entrada a [&hellip;]<!-- AddThis Advanced Settings generic via filter on get_the_excerpt --><!-- AddThis Share Buttons generic via filter on get_the_excerpt --><\/p>\n","protected":false},"author":27,"featured_media":0,"comment_status":"open","ping_status":"closed","sticky":false,"template":"","format":"standard","meta":[],"categories":[4],"tags":[821,917,966],"_links":{"self":[{"href":"https:\/\/blogs.hoy.es\/senderosextremadura\/wp-json\/wp\/v2\/posts\/3439"}],"collection":[{"href":"https:\/\/blogs.hoy.es\/senderosextremadura\/wp-json\/wp\/v2\/posts"}],"about":[{"href":"https:\/\/blogs.hoy.es\/senderosextremadura\/wp-json\/wp\/v2\/types\/post"}],"author":[{"embeddable":true,"href":"https:\/\/blogs.hoy.es\/senderosextremadura\/wp-json\/wp\/v2\/users\/27"}],"replies":[{"embeddable":true,"href":"https:\/\/blogs.hoy.es\/senderosextremadura\/wp-json\/wp\/v2\/comments?post=3439"}],"version-history":[{"count":0,"href":"https:\/\/blogs.hoy.es\/senderosextremadura\/wp-json\/wp\/v2\/posts\/3439\/revisions"}],"wp:attachment":[{"href":"https:\/\/blogs.hoy.es\/senderosextremadura\/wp-json\/wp\/v2\/media?parent=3439"}],"wp:term":[{"taxonomy":"category","embeddable":true,"href":"https:\/\/blogs.hoy.es\/senderosextremadura\/wp-json\/wp\/v2\/categories?post=3439"},{"taxonomy":"post_tag","embeddable":true,"href":"https:\/\/blogs.hoy.es\/senderosextremadura\/wp-json\/wp\/v2\/tags?post=3439"}],"curies":[{"name":"wp","href":"https:\/\/api.w.org\/{rel}","templated":true}]}}