{"id":344,"date":"2012-04-09T09:22:23","date_gmt":"2012-04-09T09:22:23","guid":{"rendered":"http:\/\/blogs.hoy.es\/senderosextremadura\/?p=344"},"modified":"2012-04-09T09:22:23","modified_gmt":"2012-04-09T09:22:23","slug":"ruta-de-las-fuentes-y-huertas-moriscas-22-de-abril","status":"publish","type":"post","link":"https:\/\/blogs.hoy.es\/senderosextremadura\/2012\/04\/09\/ruta-de-las-fuentes-y-huertas-moriscas-22-de-abril\/","title":{"rendered":"Ruta de las &#039;Fuentes y huertas moriscas&#039; (22 de abril)"},"content":{"rendered":"<h2><a href=\"\/senderosextremadura\/wp-content\/uploads\/sites\/22\/2012\/04\/fuentessss.jpg\"><img loading=\"lazy\" class=\"aligncenter size-full wp-image-356\" title=\"fuentessss\" src=\"\/senderosextremadura\/wp-content\/uploads\/sites\/22\/2012\/04\/fuentessss.jpg\" alt=\"\" width=\"576\" height=\"288\" srcset=\"https:\/\/static-blogs.hoy.es\/wp-content\/uploads\/sites\/22\/2012\/04\/fuentessss.jpg 800w, https:\/\/static-blogs.hoy.es\/wp-content\/uploads\/sites\/22\/2012\/04\/fuentessss-300x150.jpg 300w, https:\/\/static-blogs.hoy.es\/wp-content\/uploads\/sites\/22\/2012\/04\/fuentessss-768x384.jpg 768w, https:\/\/static-blogs.hoy.es\/wp-content\/uploads\/sites\/22\/2012\/04\/fuentessss-600x300.jpg 600w\" sizes=\"(max-width: 576px) 100vw, 576px\" \/><\/a><\/h2>\n<h2>La Asociaci\u00f3n Senderista &#8216;Pata del Buey&#8217; organiza una ruta senderista para el pr\u00f3ximo d\u00eda 22 de abril. La marta, que lleva por t\u00edtulo &#8216;Fuentes y Huertas Moriscas&#8217;, sale desde el Mirador de la &#8216;Pata del Buey&#8217; a las 09,30 horas.<\/h2>\n<h2>Se trata de una ruta did\u00e1ctica que recorrer\u00e1 los manantiales y fuentes que rodean el entorno de Alange, y un conjunto de huertas moriscas, herencia de un pueblo hortelano que fue expulsado de estas tierras hace 400 a\u00f1os, informa la asociaci\u00f3n.<\/h2>\n<h2>Siguiendo los puntos marcados , los senderistas podr\u00e1n conocer puntos como la Fuente y Huerto del Moral, la Huerta Morisca de La Jabata, los Manantiales y Huertas del Valle Pedro, la Fuente y Huerta Morisca de La Joruga y el Manatial y las Huertas del Ba\u00f1o.<\/h2>\n<h2>Los participantes otear\u00e1n los peque\u00f1os v<\/h2>\n<h2>alles\u00a0 de la Sierra de Pe\u00f1as Blancas te\u00f1idos de colores primaverales, as\u00ed como de la gran masa de agua del embalse de Alange, visible desde cualquier punto de la ruta.<\/h2>\n<p><img loading=\"lazy\" class=\"size-large wp-image-355 alignleft\" title=\"cartel\" src=\"\/senderosextremadura\/wp-content\/uploads\/sites\/22\/2012\/04\/cartel.jpg\" alt=\"\" width=\"278\" height=\"393\" srcset=\"https:\/\/static-blogs.hoy.es\/wp-content\/uploads\/sites\/22\/2012\/04\/cartel.jpg 1240w, https:\/\/static-blogs.hoy.es\/wp-content\/uploads\/sites\/22\/2012\/04\/cartel-212x300.jpg 212w, https:\/\/static-blogs.hoy.es\/wp-content\/uploads\/sites\/22\/2012\/04\/cartel-768x1086.jpg 768w, https:\/\/static-blogs.hoy.es\/wp-content\/uploads\/sites\/22\/2012\/04\/cartel-600x849.jpg 600w\" sizes=\"(max-width: 278px) 100vw, 278px\" \/><\/p>\n<div>\n<h2 align=\"left\">En el camino se ofrecer\u00e1 un punto\u00a0de avituallamiento patrocinado por\u00a0la Asociaci\u00f3n Entidad\u00a0Mixta &#8220;Alange, Destino Tur\u00edstico&#8221;.<\/h2>\n<h2 align=\"left\">Las inscripciones ser\u00e1n hasta el d\u00eda 19 de abril de 2012 por las siguientes v\u00edas:<\/h2>\n<h2>&#8211;\u00a0\u00a0\u00a0\u00a0\u00a0\u00a0\u00a0\u00a0\u00a0\u00a0Ayuntamiento de Alange: 924365101 (de lunes a viernes, de 9:00 a 14:00 horas).<\/h2>\n<h2>\u00a0&#8211;\u00a0\u00a0\u00a0\u00a0\u00a0\u00a0\u00a0\u00a0\u00a0\u00a0Asociaci\u00f3n Senderista y Cultural &#8220;Pata del Buey&#8221;: mediante su presidente o el correo electr\u00f3nico\u00a0<a href=\"mailto:patadelbuey@hotmail.com\" target=\"_blank\">patadelbuey@hotmail.com<\/a>\u00a0facilitando nombre, edad, club si se pertenece, procedencia y tel\u00e9fono. Tambi\u00e9n podr\u00e1n inscribirse el d\u00eda de la ruta.<\/h2>\n<h2><\/h2>\n<\/div>\n<!-- AddThis Advanced Settings generic via filter on the_content --><!-- AddThis Share Buttons generic via filter on the_content -->","protected":false},"excerpt":{"rendered":"<p>La Asociaci\u00f3n Senderista &#8216;Pata del Buey&#8217; organiza una ruta senderista para el pr\u00f3ximo d\u00eda 22 de abril. La marta, que lleva por t\u00edtulo &#8216;Fuentes y Huertas Moriscas&#8217;, sale desde el Mirador de la &#8216;Pata del Buey&#8217; a las 09,30 horas. Se trata de una ruta did\u00e1ctica que recorrer\u00e1 los manantiales y fuentes que rodean el [&hellip;]<!-- AddThis Advanced Settings generic via filter on get_the_excerpt --><!-- AddThis Share Buttons generic via filter on get_the_excerpt --><\/p>\n","protected":false},"author":27,"featured_media":0,"comment_status":"open","ping_status":"closed","sticky":false,"template":"","format":"standard","meta":[],"categories":[4],"tags":[20,86,103,278,619,1116],"_links":{"self":[{"href":"https:\/\/blogs.hoy.es\/senderosextremadura\/wp-json\/wp\/v2\/posts\/344"}],"collection":[{"href":"https:\/\/blogs.hoy.es\/senderosextremadura\/wp-json\/wp\/v2\/posts"}],"about":[{"href":"https:\/\/blogs.hoy.es\/senderosextremadura\/wp-json\/wp\/v2\/types\/post"}],"author":[{"embeddable":true,"href":"https:\/\/blogs.hoy.es\/senderosextremadura\/wp-json\/wp\/v2\/users\/27"}],"replies":[{"embeddable":true,"href":"https:\/\/blogs.hoy.es\/senderosextremadura\/wp-json\/wp\/v2\/comments?post=344"}],"version-history":[{"count":0,"href":"https:\/\/blogs.hoy.es\/senderosextremadura\/wp-json\/wp\/v2\/posts\/344\/revisions"}],"wp:attachment":[{"href":"https:\/\/blogs.hoy.es\/senderosextremadura\/wp-json\/wp\/v2\/media?parent=344"}],"wp:term":[{"taxonomy":"category","embeddable":true,"href":"https:\/\/blogs.hoy.es\/senderosextremadura\/wp-json\/wp\/v2\/categories?post=344"},{"taxonomy":"post_tag","embeddable":true,"href":"https:\/\/blogs.hoy.es\/senderosextremadura\/wp-json\/wp\/v2\/tags?post=344"}],"curies":[{"name":"wp","href":"https:\/\/api.w.org\/{rel}","templated":true}]}}