{"id":3447,"date":"2015-10-05T08:40:50","date_gmt":"2015-10-05T08:40:50","guid":{"rendered":"http:\/\/blogs.hoy.es\/senderosextremadura\/?p=3447"},"modified":"2015-10-05T08:40:50","modified_gmt":"2015-10-05T08:40:50","slug":"ruta-solidaria-contra-el-cancer-en-las-vegas-bajas-25-de-octubre","status":"publish","type":"post","link":"https:\/\/blogs.hoy.es\/senderosextremadura\/2015\/10\/05\/ruta-solidaria-contra-el-cancer-en-las-vegas-bajas-25-de-octubre\/","title":{"rendered":"Ruta solidaria contra el c\u00e1ncer en las Vegas Bajas (25 de octubre)"},"content":{"rendered":"<p><a href=\"https:\/\/blogs.hoy.es\/senderosextremadura\/\"><img loading=\"lazy\" class=\"aligncenter size-large wp-image-3449\" title=\"\" src=\"\/senderosextremadura\/wp-content\/uploads\/sites\/22\/2015\/10\/ruta.jpg\" alt=\"\" width=\"600\" height=\"800\" srcset=\"https:\/\/static-blogs.hoy.es\/wp-content\/uploads\/sites\/22\/2015\/10\/ruta.jpg 720w, https:\/\/static-blogs.hoy.es\/wp-content\/uploads\/sites\/22\/2015\/10\/ruta-225x300.jpg 225w, https:\/\/static-blogs.hoy.es\/wp-content\/uploads\/sites\/22\/2015\/10\/ruta-600x800.jpg 600w\" sizes=\"(max-width: 600px) 100vw, 600px\" \/><\/a><\/p>\n<p>Montijo y Puebla de la Calzada celebrar\u00e1n el 25 de octubre la &#8216;II Marcha senderista contra el c\u00e1ncer Vegas Bajas&#8217;. La caminata comenzar\u00e1 a las nueve de la ma\u00f1ana en la calle San Antonio de Montijo. Ambos consistorios pacenses han brindado su colaboraci\u00f3n al <a href=\"https:\/\/sites.google.com\/site\/gsvbgsvb\/\" target=\"_blank\">Grupo Senderista Vegas Bajas<\/a>, aportando \u00a0los recursos necesarios para desarrollar la marcha. El precio de inscripci\u00f3n es de 4 euros. Todos los beneficios que se obtengan ser\u00e1n destinados a la investigaci\u00f3n para la lucha contra el c\u00e1ncer. La ruta tambi\u00e9n contar\u00e1 con la colaboraci\u00f3n de empresas locales, Polic\u00eda Local, Protecci\u00f3n Civil, Guardia Civil y Cruz Roja.\u00a0Habr\u00e1 \u00a0dos rutas: una 5,5 km y otra 8,7.<\/p>\n<p><!--more--><\/p>\n<div>\n<div>El a\u00f1o pasado, m\u00e1s de 1.284 personas marcharon contra el c\u00e1ncer en las Vegas Bajas, entregando con sus inscripciones, 3.793,90 euros a la Fundaci\u00f3n Cient\u00edfica de la Aecc para la lucha contra el c\u00e1ncer.<\/div>\n<\/div>\n<p>Los interesados puedes comprar su ticket en:<\/p>\n<p><strong>MONTIJO<\/strong><\/p>\n<p>Ayuntamiento de Montijo. Plaza de Espa\u00f1a, 1, Montijo. L &#8211; V: de 8:00 a 15:00 horas.<\/p>\n<p>Sede Grupo Senderista Vegas Bajas. Avd. de la Estaci\u00f3n, s\/n, Montijo, (junto al SEXPE).<\/p>\n<p>Sede de la Junta Local de la Asociaci\u00f3n Espa\u00f1ola contra el c\u00e1ncer, C\/ San Antonio 12, Montijo, (antiguo Centro de urgencias).<\/p>\n<p>Point Sport, C\/ San Juan de Ribera 4, Montijo, (en horario comercial).<\/p>\n<p>Biblioteca P\u00fablica Municipal &#8220;Nuestra Se\u00f1ora de Barba\u00f1o&#8221;, C\/ San Antonio, 12, Montijo, (antiguo Centro de Salud). L &#8211; V: de 9:15 a 13:45 y de 17:15 a 20:15 horas<\/p>\n<p><strong>PUEBLA DE LA CALZADA<\/strong><\/p>\n<p>Ayuntamiento de Puebla de la Calzada. Plaza de Espa\u00f1a, 1, Puebla de la Calzada. L &#8211; V: de 9:00 a 14:00 horas.<\/p>\n<p>ZONA SPORT PUEBLA, C\/ Los Silos 3, Puebla de la Calzada.<\/p>\n<p>BARBA\u00d1O<\/p>\n<p>Ayuntamiento de Barba\u00f1o, Plaza de Espa\u00f1a, 1, Barba\u00f1o. L &#8211; V: de 8:00 a 15:00 horas.<\/p>\n<p><strong>TORREMAYOR<\/strong><\/p>\n<p>Casa de la Cultura, Calle Braulio Tamayo, 7, Torremayor. L &#8211; V: de 8:00 a 15:00 horas.<\/p>\n<p><strong>VALDELACALZADA<\/strong><\/p>\n<p>Ayuntamiento de Valdelacalzada, Plaza de Espa\u00f1a, 14, 06185 Valdelacalzada, Badajoz. L &#8211; V: de 8:00 a 15:00 horas.<\/p>\n<p><strong>GUADIANA DEL CAUDILLO<\/strong><\/p>\n<p>Casa de la Cultura, Plaza Mayor, 18, Guadiana del Caudillo. L &#8211; V: de 9:00 a 14:00 horas.<\/p>\n<p><strong>PUEBLONUEVO DEL GUADIANA<\/strong><\/p>\n<p>&#8216;Amigos del Senderismo de Pueblonuevo del Guadiana&#8217;, Plaza Mayor 1, Pueblonuevo del Guadiana. L &#8211; V: de 9:00 a 14:00 horas.<\/p>\n<p><strong>LOB\u00d3N<\/strong><\/p>\n<p>Ayuntamiento de Lob\u00f3n, Calle Era, 1, Lob\u00f3n. L &#8211; V: de 9:00 a 14:00 horas.<\/p>\n<p>M\u00e1s informaci\u00f3n en la web del <a href=\"https:\/\/sites.google.com\/site\/gsvbgsvb\/\" target=\"_blank\">Grupo Senderista Vegas Bajas<\/a>.<\/p>\n<!-- AddThis Advanced Settings generic via filter on the_content --><!-- AddThis Share Buttons generic via filter on the_content -->","protected":false},"excerpt":{"rendered":"<p>Montijo y Puebla de la Calzada celebrar\u00e1n el 25 de octubre la &#8216;II Marcha senderista contra el c\u00e1ncer Vegas Bajas&#8217;. La caminata comenzar\u00e1 a las nueve de la ma\u00f1ana en la calle San Antonio de Montijo. Ambos consistorios pacenses han brindado su colaboraci\u00f3n al Grupo Senderista Vegas Bajas, aportando \u00a0los recursos necesarios para desarrollar la [&hellip;]<!-- AddThis Advanced Settings generic via filter on get_the_excerpt --><!-- AddThis Share Buttons generic via filter on get_the_excerpt --><\/p>\n","protected":false},"author":27,"featured_media":0,"comment_status":"open","ping_status":"closed","sticky":false,"template":"","format":"standard","meta":[],"categories":[4],"tags":[535,658,817],"_links":{"self":[{"href":"https:\/\/blogs.hoy.es\/senderosextremadura\/wp-json\/wp\/v2\/posts\/3447"}],"collection":[{"href":"https:\/\/blogs.hoy.es\/senderosextremadura\/wp-json\/wp\/v2\/posts"}],"about":[{"href":"https:\/\/blogs.hoy.es\/senderosextremadura\/wp-json\/wp\/v2\/types\/post"}],"author":[{"embeddable":true,"href":"https:\/\/blogs.hoy.es\/senderosextremadura\/wp-json\/wp\/v2\/users\/27"}],"replies":[{"embeddable":true,"href":"https:\/\/blogs.hoy.es\/senderosextremadura\/wp-json\/wp\/v2\/comments?post=3447"}],"version-history":[{"count":0,"href":"https:\/\/blogs.hoy.es\/senderosextremadura\/wp-json\/wp\/v2\/posts\/3447\/revisions"}],"wp:attachment":[{"href":"https:\/\/blogs.hoy.es\/senderosextremadura\/wp-json\/wp\/v2\/media?parent=3447"}],"wp:term":[{"taxonomy":"category","embeddable":true,"href":"https:\/\/blogs.hoy.es\/senderosextremadura\/wp-json\/wp\/v2\/categories?post=3447"},{"taxonomy":"post_tag","embeddable":true,"href":"https:\/\/blogs.hoy.es\/senderosextremadura\/wp-json\/wp\/v2\/tags?post=3447"}],"curies":[{"name":"wp","href":"https:\/\/api.w.org\/{rel}","templated":true}]}}