{"id":3463,"date":"2015-10-07T08:28:25","date_gmt":"2015-10-07T08:28:25","guid":{"rendered":"http:\/\/blogs.hoy.es\/senderosextremadura\/?p=3463"},"modified":"2015-10-07T08:28:25","modified_gmt":"2015-10-07T08:28:25","slug":"caminata-por-la-sierra-de-gata-con-salida-en-trevejo-1-de-noviembre","status":"publish","type":"post","link":"https:\/\/blogs.hoy.es\/senderosextremadura\/2015\/10\/07\/caminata-por-la-sierra-de-gata-con-salida-en-trevejo-1-de-noviembre\/","title":{"rendered":"Caminata por la Sierra de Gata con salida en Trevejo (1 de noviembre)"},"content":{"rendered":"<p><a href=\"https:\/\/blogs.hoy.es\/senderosextremadura\/\"><img loading=\"lazy\" class=\"aligncenter size-large wp-image-3464\" title=\"\" src=\"\/senderosextremadura\/wp-content\/uploads\/sites\/22\/2015\/10\/trevejo.jpg\" alt=\"\" width=\"600\" height=\"423\" srcset=\"https:\/\/static-blogs.hoy.es\/wp-content\/uploads\/sites\/22\/2015\/10\/trevejo.jpg 960w, https:\/\/static-blogs.hoy.es\/wp-content\/uploads\/sites\/22\/2015\/10\/trevejo-300x212.jpg 300w, https:\/\/static-blogs.hoy.es\/wp-content\/uploads\/sites\/22\/2015\/10\/trevejo-768x542.jpg 768w, https:\/\/static-blogs.hoy.es\/wp-content\/uploads\/sites\/22\/2015\/10\/trevejo-600x424.jpg 600w\" sizes=\"(max-width: 600px) 100vw, 600px\" \/><\/a><\/p>\n<p>Apartamentos rurales A Fala \u00a0y la asociaci\u00f3n Mi Sierra de Gata han organizado una ruta senderista el pr\u00f3ximo 1 de noviembre. La marcha arrancar\u00e1 en la peque\u00f1a villa de Trevejo a las once de la ma\u00f1ana, con un recorrido de unos 8 kil\u00f3metros y dificultad baja. La inscripci\u00f3n para esta caminata por la Sierra de Gata tiene un precio de 10 euros, que incluyen comida, bebida y sorteo de regales.<\/p>\n<!-- AddThis Advanced Settings generic via filter on the_content --><!-- AddThis Share Buttons generic via filter on the_content -->","protected":false},"excerpt":{"rendered":"<p>Apartamentos rurales A Fala \u00a0y la asociaci\u00f3n Mi Sierra de Gata han organizado una ruta senderista el pr\u00f3ximo 1 de noviembre. La marcha arrancar\u00e1 en la peque\u00f1a villa de Trevejo a las once de la ma\u00f1ana, con un recorrido de unos 8 kil\u00f3metros y dificultad baja. La inscripci\u00f3n para esta caminata por la Sierra de [&hellip;]<!-- AddThis Advanced Settings generic via filter on get_the_excerpt --><!-- AddThis Share Buttons generic via filter on get_the_excerpt --><\/p>\n","protected":false},"author":27,"featured_media":0,"comment_status":"open","ping_status":"closed","sticky":false,"template":"","format":"standard","meta":[],"categories":[4],"tags":[301,821,852,906,944,977,1035],"_links":{"self":[{"href":"https:\/\/blogs.hoy.es\/senderosextremadura\/wp-json\/wp\/v2\/posts\/3463"}],"collection":[{"href":"https:\/\/blogs.hoy.es\/senderosextremadura\/wp-json\/wp\/v2\/posts"}],"about":[{"href":"https:\/\/blogs.hoy.es\/senderosextremadura\/wp-json\/wp\/v2\/types\/post"}],"author":[{"embeddable":true,"href":"https:\/\/blogs.hoy.es\/senderosextremadura\/wp-json\/wp\/v2\/users\/27"}],"replies":[{"embeddable":true,"href":"https:\/\/blogs.hoy.es\/senderosextremadura\/wp-json\/wp\/v2\/comments?post=3463"}],"version-history":[{"count":0,"href":"https:\/\/blogs.hoy.es\/senderosextremadura\/wp-json\/wp\/v2\/posts\/3463\/revisions"}],"wp:attachment":[{"href":"https:\/\/blogs.hoy.es\/senderosextremadura\/wp-json\/wp\/v2\/media?parent=3463"}],"wp:term":[{"taxonomy":"category","embeddable":true,"href":"https:\/\/blogs.hoy.es\/senderosextremadura\/wp-json\/wp\/v2\/categories?post=3463"},{"taxonomy":"post_tag","embeddable":true,"href":"https:\/\/blogs.hoy.es\/senderosextremadura\/wp-json\/wp\/v2\/tags?post=3463"}],"curies":[{"name":"wp","href":"https:\/\/api.w.org\/{rel}","templated":true}]}}