{"id":347,"date":"2012-04-10T09:20:33","date_gmt":"2012-04-10T09:20:33","guid":{"rendered":"http:\/\/blogs.hoy.es\/senderosextremadura\/?p=347"},"modified":"2012-04-10T09:20:33","modified_gmt":"2012-04-10T09:20:33","slug":"ruta-de-la-escalerilla-por-miajadas-22-de-abril","status":"publish","type":"post","link":"https:\/\/blogs.hoy.es\/senderosextremadura\/2012\/04\/10\/ruta-de-la-escalerilla-por-miajadas-22-de-abril\/","title":{"rendered":"Ruta de &#039;La escalerilla&#039; por Miajadas (22 de abril)"},"content":{"rendered":"<h2><a href=\"\/senderosextremadura\/wp-content\/uploads\/sites\/22\/2012\/04\/rutas.jpg\"><img loading=\"lazy\" class=\"alignleft size-full wp-image-348\" title=\"rutas\" src=\"\/senderosextremadura\/wp-content\/uploads\/sites\/22\/2012\/04\/rutas.jpg\" alt=\"\" width=\"443\" height=\"787\" srcset=\"https:\/\/static-blogs.hoy.es\/wp-content\/uploads\/sites\/22\/2012\/04\/rutas.jpg 450w, https:\/\/static-blogs.hoy.es\/wp-content\/uploads\/sites\/22\/2012\/04\/rutas-169x300.jpg 169w\" sizes=\"(max-width: 443px) 100vw, 443px\" \/><\/a>La <strong>Mancomunidad Zona Centro<\/strong> realizar\u00e1 el pr\u00f3ximo 22 de abril la ruta de \u2018La Escalerilla\u2019. Se trata de una marcha\u00a0 circular de unos 16 kil\u00f3metros y de dificultad baja. En la actividad, perteneciente al Circuito Extreme\u00f1o de Rutas Senderitas 2012, \u00a0colabora el Club Senderista Pe\u00f1a del Diablo. \u00a0Los caminantes saldr\u00e1n de la Plaza de Espa\u00f1a de Miajadas a las 9 de la ma\u00f1ana.<\/h2>\n<h2>El itinerario transita por la parte noroeste del t\u00e9rmino municipal. En las inmediaciones del municipio se observan hermosos olivares y vi\u00f1edos, aprovechados en peque\u00f1as parcelas por la poblaci\u00f3n local. Seg\u00fan nos alejamos, el paisaje se transforma poco a poco, con numerosos chaparros y encinas hasta llegar al r\u00edo B\u00fardalo, afluente del Guadiana.<br \/>\nLa ruta atraviesa el r\u00edo, aproximadamente en la mitad del recorrido, encontrando las ruinas del molino de Telesforo en lejan\u00eda y el molino de Pepe V\u00e1zquez en buen estado de conservaci\u00f3n. Estos molinos hidr\u00e1ulicos se utilizaban anta\u00f1o para moler el grano utilizando las aguas del r\u00edo a trav\u00e9s de un interesante sistema de acequias.<br \/>\nA lo largo de todo el camino se observan interesantes vistas del conjunto monta\u00f1oso de la Sierra de Mont\u00e1nchez (estribaciones de los montes de Toledo), especialmente de las elevaciones del Cancho Blanco y del Cerro de San Crist\u00f3bal.<\/h2>\n<h2>Desde el punto de vista ornitol\u00f3gico la ruta es muy interesante, ya que existe posibilidad de encontrar numerosas rapaces en los terrenos adehesados, y aves acu\u00e1ticas en los alrededores del r\u00edo B\u00fardalo.<\/h2>\n<h2>Los amantes de la fauna tambi\u00e9n disfrutar\u00e1n de especies dif\u00edciles de encontrar como el gal\u00e1pago leproso, adem\u00e1s de zorros, cig\u00fce\u00f1as blancas, patos, conejos o culebras bastardas.<\/h2>\n<h2>El regreso se realiza por otro sendero llamado de la Matavaca, atravesando toda la zona de los Canchos hasta llegar al lugar de salida.<\/h2>\n<h2>Las inscripciones pueden hacerse a trav\u00e9s del mail <a href=\"mailto:fj.garrido@hotmail.com\">fj.garrido@hotmail.com<\/a><\/h2>\n<div id=\"attachment_349\" style=\"width: 783px\" class=\"wp-caption alignleft\"><a href=\"\/senderosextremadura\/wp-content\/uploads\/sites\/22\/2012\/04\/perfil.jpg\"><img aria-describedby=\"caption-attachment-349\" loading=\"lazy\" class=\"size-large wp-image-349\" title=\"perfil\" src=\"\/senderosextremadura\/wp-content\/uploads\/sites\/22\/2012\/04\/perfil.jpg\" alt=\"\" width=\"773\" height=\"189\" \/><\/a><p id=\"caption-attachment-349\" class=\"wp-caption-text\">Perfil topogr\u00e1fico de la ruta.<\/p><\/div>\n<p>&nbsp;<\/p>\n<p>&nbsp;<\/p>\n<!-- AddThis Advanced Settings generic via filter on the_content --><!-- AddThis Share Buttons generic via filter on the_content -->","protected":false},"excerpt":{"rendered":"<p>La Mancomunidad Zona Centro realizar\u00e1 el pr\u00f3ximo 22 de abril la ruta de \u2018La Escalerilla\u2019. Se trata de una marcha\u00a0 circular de unos 16 kil\u00f3metros y de dificultad baja. En la actividad, perteneciente al Circuito Extreme\u00f1o de Rutas Senderitas 2012, \u00a0colabora el Club Senderista Pe\u00f1a del Diablo. \u00a0Los caminantes saldr\u00e1n de la Plaza de Espa\u00f1a [&hellip;]<!-- AddThis Advanced Settings generic via filter on get_the_excerpt --><!-- AddThis Share Buttons generic via filter on get_the_excerpt --><\/p>\n","protected":false},"author":27,"featured_media":0,"comment_status":"open","ping_status":"closed","sticky":false,"template":"","format":"standard","meta":[],"categories":[4],"tags":[121,301,485,522,944],"_links":{"self":[{"href":"https:\/\/blogs.hoy.es\/senderosextremadura\/wp-json\/wp\/v2\/posts\/347"}],"collection":[{"href":"https:\/\/blogs.hoy.es\/senderosextremadura\/wp-json\/wp\/v2\/posts"}],"about":[{"href":"https:\/\/blogs.hoy.es\/senderosextremadura\/wp-json\/wp\/v2\/types\/post"}],"author":[{"embeddable":true,"href":"https:\/\/blogs.hoy.es\/senderosextremadura\/wp-json\/wp\/v2\/users\/27"}],"replies":[{"embeddable":true,"href":"https:\/\/blogs.hoy.es\/senderosextremadura\/wp-json\/wp\/v2\/comments?post=347"}],"version-history":[{"count":0,"href":"https:\/\/blogs.hoy.es\/senderosextremadura\/wp-json\/wp\/v2\/posts\/347\/revisions"}],"wp:attachment":[{"href":"https:\/\/blogs.hoy.es\/senderosextremadura\/wp-json\/wp\/v2\/media?parent=347"}],"wp:term":[{"taxonomy":"category","embeddable":true,"href":"https:\/\/blogs.hoy.es\/senderosextremadura\/wp-json\/wp\/v2\/categories?post=347"},{"taxonomy":"post_tag","embeddable":true,"href":"https:\/\/blogs.hoy.es\/senderosextremadura\/wp-json\/wp\/v2\/tags?post=347"}],"curies":[{"name":"wp","href":"https:\/\/api.w.org\/{rel}","templated":true}]}}