{"id":3481,"date":"2015-10-21T07:14:00","date_gmt":"2015-10-21T07:14:00","guid":{"rendered":"http:\/\/blogs.hoy.es\/senderosextremadura\/?p=3481"},"modified":"2015-10-21T07:14:00","modified_gmt":"2015-10-21T07:14:00","slug":"caminanta-para-intentar-salvar-la-ermita-sumergida-25-de-octubre","status":"publish","type":"post","link":"https:\/\/blogs.hoy.es\/senderosextremadura\/2015\/10\/21\/caminanta-para-intentar-salvar-la-ermita-sumergida-25-de-octubre\/","title":{"rendered":"Caminanta para intentar salvar la &#039;ermita sumergida&#039; (25 de octubre)"},"content":{"rendered":"<div id=\"attachment_3482\" style=\"width: 610px\" class=\"wp-caption aligncenter\"><a href=\"https:\/\/blogs.hoy.es\/senderosextremadura\/2015\/10\/21\/caminanta-para-intentar-salvar-la-ermita-sumergida-25-de-octubre\/ermita\/\" rel=\"attachment wp-att-3482\"><img aria-describedby=\"caption-attachment-3482\" loading=\"lazy\" class=\"size-large wp-image-3482\" title=\"\" src=\"\/senderosextremadura\/wp-content\/uploads\/sites\/22\/2015\/10\/ermita.jpg\" alt=\"\" width=\"600\" height=\"400\" srcset=\"https:\/\/static-blogs.hoy.es\/wp-content\/uploads\/sites\/22\/2015\/10\/ermita.jpg 855w, https:\/\/static-blogs.hoy.es\/wp-content\/uploads\/sites\/22\/2015\/10\/ermita-300x200.jpg 300w, https:\/\/static-blogs.hoy.es\/wp-content\/uploads\/sites\/22\/2015\/10\/ermita-768x512.jpg 768w, https:\/\/static-blogs.hoy.es\/wp-content\/uploads\/sites\/22\/2015\/10\/ermita-600x400.jpg 600w\" sizes=\"(max-width: 600px) 100vw, 600px\" \/><\/a><p id=\"caption-attachment-3482\" class=\"wp-caption-text\">Frescos de la ermita de San Jorge.<\/p><\/div>\n<p>Varios colectivos se unen para realizar una ruta senderista y cultural. La marcha tendr\u00e1 lugar el pr\u00f3ximo domingo, 25 de octubre, para pedir la\u00a0<a href=\"http:\/\/www.hoy.es\/caceres\/201510\/15\/ermita-sumergida-jorge-pide-20151015201231.html\" target=\"_blank\" rel=\"external nofollow\">protecci\u00f3n de la ermita cacere\u00f1a de San Jorge<\/a>, localizada en la carretera de Badajoz. Se halla en peligro de desaparici\u00f3n, sobre todo los frescos a los que el agua de una laguna artificial est\u00e1 destruyendo. La emita fue edificada en el siglo XIV.<\/p>\n<p>Las personas interesadas pueden inscribise en el correo eanatura2000@gmail.com. Comenzar\u00e1 a las 10 horas y se han dispuestos autobuses para la vuelta.<\/p>\n<!-- AddThis Advanced Settings generic via filter on the_content --><!-- AddThis Share Buttons generic via filter on the_content -->","protected":false},"excerpt":{"rendered":"<p>Varios colectivos se unen para realizar una ruta senderista y cultural. La marcha tendr\u00e1 lugar el pr\u00f3ximo domingo, 25 de octubre, para pedir la\u00a0protecci\u00f3n de la ermita cacere\u00f1a de San Jorge, localizada en la carretera de Badajoz. Se halla en peligro de desaparici\u00f3n, sobre todo los frescos a los que el agua de una laguna [&hellip;]<!-- AddThis Advanced Settings generic via filter on get_the_excerpt --><!-- AddThis Share Buttons generic via filter on get_the_excerpt --><\/p>\n","protected":false},"author":27,"featured_media":0,"comment_status":"open","ping_status":"closed","sticky":false,"template":"","format":"standard","meta":[],"categories":[3],"tags":[301,821,873,917,954,1035],"_links":{"self":[{"href":"https:\/\/blogs.hoy.es\/senderosextremadura\/wp-json\/wp\/v2\/posts\/3481"}],"collection":[{"href":"https:\/\/blogs.hoy.es\/senderosextremadura\/wp-json\/wp\/v2\/posts"}],"about":[{"href":"https:\/\/blogs.hoy.es\/senderosextremadura\/wp-json\/wp\/v2\/types\/post"}],"author":[{"embeddable":true,"href":"https:\/\/blogs.hoy.es\/senderosextremadura\/wp-json\/wp\/v2\/users\/27"}],"replies":[{"embeddable":true,"href":"https:\/\/blogs.hoy.es\/senderosextremadura\/wp-json\/wp\/v2\/comments?post=3481"}],"version-history":[{"count":0,"href":"https:\/\/blogs.hoy.es\/senderosextremadura\/wp-json\/wp\/v2\/posts\/3481\/revisions"}],"wp:attachment":[{"href":"https:\/\/blogs.hoy.es\/senderosextremadura\/wp-json\/wp\/v2\/media?parent=3481"}],"wp:term":[{"taxonomy":"category","embeddable":true,"href":"https:\/\/blogs.hoy.es\/senderosextremadura\/wp-json\/wp\/v2\/categories?post=3481"},{"taxonomy":"post_tag","embeddable":true,"href":"https:\/\/blogs.hoy.es\/senderosextremadura\/wp-json\/wp\/v2\/tags?post=3481"}],"curies":[{"name":"wp","href":"https:\/\/api.w.org\/{rel}","templated":true}]}}