{"id":35,"date":"2012-02-24T18:57:10","date_gmt":"2012-02-24T18:57:10","guid":{"rendered":"http:\/\/blogs.hoy.es\/senderosextremadura\/?p=35"},"modified":"2012-02-24T18:57:10","modified_gmt":"2012-02-24T18:57:10","slug":"cuando-estas-andando-en-el-campo-lo-demas-se-olvida","status":"publish","type":"post","link":"https:\/\/blogs.hoy.es\/senderosextremadura\/2012\/02\/24\/cuando-estas-andando-en-el-campo-lo-demas-se-olvida\/","title":{"rendered":"\u201cCaminar en el campo es olvidar todo lo dem\u00e1s\u201d"},"content":{"rendered":"<h2><a href=\"\/senderosextremadura\/wp-content\/uploads\/sites\/22\/2012\/02\/gredos.jpg\"><img loading=\"lazy\" class=\"alignright size-full wp-image-36\" title=\"gredos\" src=\"\/senderosextremadura\/wp-content\/uploads\/sites\/22\/2012\/02\/gredos.jpg\" alt=\"\" width=\"491\" height=\"268\" \/><\/a>La redactora \u00c1ngela P\u00e9rez publica este s\u00e1bado en las p\u00e1ginas del <strong>Diario HOY<\/strong> un reportaje sobre el <a href=\"http:\/\/www.clubcaminantebadajoz.com\/\" rel=\"external nofollow\"><strong>Club del Caminante de Badajoz<\/strong><\/a>. La hermosa imagen que ilustra este post corresponde a una ruta realizada por este conocido club senderista en la Sierra de Gredos. La frase que lo encabeza la pronuncia Paco Carreres, vocal del club.<\/h2>\n<h2>Ya puedes leer un avance del art\u00edculo:<\/h2>\n<p>&nbsp;<\/p>\n<h2><strong><span style=\"text-decoration: underline;\">El Club del Caminante de Badajoz fomenta el conocimiento de la riqueza natural y arquitect\u00f3nica de la regi\u00f3n<\/span><\/strong><\/h2>\n<h2>Comenz\u00f3 como una experiencia puramente deportiva y de hermanamiento con Portugal hace 28 a\u00f1os, con una\u00a0 marcha de la Universidad de Extremadura hasta Elvas, y a d\u00eda de hoy se ha convertido en mucho m\u00e1s, en un club que fomenta el andar no solo como ejercicio f\u00edsico sino como una experiencia \u00fanica con la que fomentar las relaciones entre personas, quitar el estr\u00e9s de la ciudad y con la que conocer la riqueza tanto natural como arquitect\u00f3nica que hay en Badajoz, en la regi\u00f3n e incluso en otros lugares del pa\u00eds.<\/h2>\n<h2>\u201cCada d\u00eda m\u00e1s gente se une a nosotros. Hemos pasado de contar con unos seis o siete participantes a m\u00e1s de 40 en cada ruta\u201d, explica el vocal del colectivo, Paco Carreres. Para ello, el club organiza cada fin de semana diversas rutas de senderismo en las que pueden participar todos los interesados. Se tratan de rutas en el interior, es decir, por los alrededores de Badajoz, de rutas externas, que se ampl\u00edan a la regi\u00f3n o a puntos emblem\u00e1ticos de Espa\u00f1a, y con viajes de varios d\u00edas o incluso de una semana, como el que organiza cada a\u00f1o a los Pirineos durante el verano.<\/h2>\n<h2>\u201cCada domingo ofrecemos una alternativa para acabar con la rutina diaria. Solemos salir a las 9.30 horas en el Ancla, y organizamos rutas en las que se pueden vislumbrar lugares a los que nunca llegar\u00edamos en coche. Castillos, d\u00f3lmenes, ermitas, vegetaci\u00f3n\u2026lugares con encanto\u201d, asegura Carreres.<\/h2>\n<h2>Para este domingo, el 26 de febrero, el Club a organizado la \u2018Ruta de los Barruecos\u2019, en Malpartida de C\u00e1ceres, que visitar\u00e1 lugares tan singulares como el Torre\u00f3n de los Mogollones, la Ermita de San Jorge, el Dolmen de la Hijadilla, la V\u00eda Pecuaria de Malpartida o del Lavadero de las Lanas hasta llegar a la Casa solariega de Hija de Vaca y, por supuesto, el Monumento Natural de Los Barruecos, en el t\u00e9rmino municipal de Malpartida de C\u00e1ceres, para caminar por sus fascinantes charcas. El grupo saldr\u00e1 a las 8.00 horas, en el Ancla, en autobuses. Cada ruta tiene un precio de 10 euros para socios y 20 para resto de asistentes.<\/h2>\n<p>&nbsp;<\/p>\n<p><strong>GALER\u00cdA DE FOTOS<\/strong><\/p>\n<h1><strong><a href=\"http:\/\/www.hoy.es\/multimedia\/fotos\/ultimos\/93848-rutas-club-caminante-badajoz-0.html\" rel=\"external nofollow\">Algunas rutas realizadas por el Club del Caminante.<\/a><\/strong><\/h1>\n<p>&nbsp;<\/p>\n<p><strong>PARTICIPA: Env\u00edanos tu ruta a <a href=\"mailto:senderismoextremadurahoy@gmail.com\" target=\"_blank\">senderismoextremadurahoy@gmail.com<\/a><\/strong><\/p>\n<!-- AddThis Advanced Settings generic via filter on the_content --><!-- AddThis Share Buttons generic via filter on the_content -->","protected":false},"excerpt":{"rendered":"<p>La redactora \u00c1ngela P\u00e9rez publica este s\u00e1bado en las p\u00e1ginas del Diario HOY un reportaje sobre el Club del Caminante de Badajoz. La hermosa imagen que ilustra este post corresponde a una ruta realizada por este conocido club senderista en la Sierra de Gredos. La frase que lo encabeza la pronuncia Paco Carreres, vocal del [&hellip;]<!-- AddThis Advanced Settings generic via filter on get_the_excerpt --><!-- AddThis Share Buttons generic via filter on get_the_excerpt --><\/p>\n","protected":false},"author":27,"featured_media":0,"comment_status":"open","ping_status":"closed","sticky":false,"template":"","format":"standard","meta":[],"categories":[3],"tags":[16,86,132,144,211,301,362,398,419,600,792,906,1072],"_links":{"self":[{"href":"https:\/\/blogs.hoy.es\/senderosextremadura\/wp-json\/wp\/v2\/posts\/35"}],"collection":[{"href":"https:\/\/blogs.hoy.es\/senderosextremadura\/wp-json\/wp\/v2\/posts"}],"about":[{"href":"https:\/\/blogs.hoy.es\/senderosextremadura\/wp-json\/wp\/v2\/types\/post"}],"author":[{"embeddable":true,"href":"https:\/\/blogs.hoy.es\/senderosextremadura\/wp-json\/wp\/v2\/users\/27"}],"replies":[{"embeddable":true,"href":"https:\/\/blogs.hoy.es\/senderosextremadura\/wp-json\/wp\/v2\/comments?post=35"}],"version-history":[{"count":0,"href":"https:\/\/blogs.hoy.es\/senderosextremadura\/wp-json\/wp\/v2\/posts\/35\/revisions"}],"wp:attachment":[{"href":"https:\/\/blogs.hoy.es\/senderosextremadura\/wp-json\/wp\/v2\/media?parent=35"}],"wp:term":[{"taxonomy":"category","embeddable":true,"href":"https:\/\/blogs.hoy.es\/senderosextremadura\/wp-json\/wp\/v2\/categories?post=35"},{"taxonomy":"post_tag","embeddable":true,"href":"https:\/\/blogs.hoy.es\/senderosextremadura\/wp-json\/wp\/v2\/tags?post=35"}],"curies":[{"name":"wp","href":"https:\/\/api.w.org\/{rel}","templated":true}]}}