{"id":3501,"date":"2015-10-23T11:17:14","date_gmt":"2015-10-23T11:17:14","guid":{"rendered":"http:\/\/blogs.hoy.es\/senderosextremadura\/?p=3501"},"modified":"2015-10-23T11:17:14","modified_gmt":"2015-10-23T11:17:14","slug":"ruta-al-portillo-del-cijara","status":"publish","type":"post","link":"https:\/\/blogs.hoy.es\/senderosextremadura\/2015\/10\/23\/ruta-al-portillo-del-cijara\/","title":{"rendered":"Ruta por los miradores del C\u00edjara (25 de octubre)"},"content":{"rendered":"<div id=\"attachment_3503\" style=\"width: 610px\" class=\"wp-caption aligncenter\"><a href=\"https:\/\/blogs.hoy.es\/senderosextremadura\/\"><img aria-describedby=\"caption-attachment-3503\" loading=\"lazy\" class=\"size-large wp-image-3503\" title=\"\" src=\"\/senderosextremadura\/wp-content\/uploads\/sites\/22\/2015\/10\/cijara.jpg\" alt=\"\" width=\"600\" height=\"359\" srcset=\"https:\/\/static-blogs.hoy.es\/wp-content\/uploads\/sites\/22\/2015\/10\/cijara.jpg 2048w, https:\/\/static-blogs.hoy.es\/wp-content\/uploads\/sites\/22\/2015\/10\/cijara-300x180.jpg 300w, https:\/\/static-blogs.hoy.es\/wp-content\/uploads\/sites\/22\/2015\/10\/cijara-768x461.jpg 768w, https:\/\/static-blogs.hoy.es\/wp-content\/uploads\/sites\/22\/2015\/10\/cijara-600x360.jpg 600w\" sizes=\"(max-width: 600px) 100vw, 600px\" \/><\/a><p id=\"caption-attachment-3503\" class=\"wp-caption-text\">Panor\u00e1mica del embalse de C\u00edjara, en la Siberia:: JUAN ANTONIO BERMEJO<\/p><\/div>\n<p>La Asociaci\u00f3n Jamal comienza las actividades de oto\u00f1o con una ruta al\u00a0Portillo del C\u00edjara.\u00a0Se trata de una ruta circular que pasa junto a los miradores de C\u00edjara y de Portillo de C\u00edjara, muy c\u00f3moda pues transita por una pista de arena muy ancha y en buen estado.<!--more--><br \/>\nLa ruta ofrece bastantes atractivos paisaj\u00edsticos, al discurrir la pista central por zonas elevadas de la sierra que ofrecen bellas estampas de la reserva. Principalmente transita por grandes extensiones de repoblaciones de pino pi\u00f1onero y resinero, aunque, sobre todo en las pedreras, tambi\u00e9n se observan bosquetes bien conservados de lo que ser\u00eda la vegetaci\u00f3n original de esta zona, con alcornoques, encinas, madro\u00f1os, carrascas y un profuso manto arbustivo de jaras, brezos, romero y cantueso. Durante todo el recorrido es posible observar rapaces en vuelo como buitres leonados y negros, \u00e1guilas reales, alimoches o milanos, adem\u00e1s de numerosas aves forestales como picapinos o arrendajos, y con algo de fortuna, la t\u00edmida cig\u00fce\u00f1a negra. Pero sobre todo, y como en el resto del territorio de la reserva, sorprende la cantidad y la facilidad con que se observan las diferentes especies de ungulados, sobre todo ciervos y gamos, y en menor medida corzos, y jabal\u00edes.<br \/>\nPero probablemente el mayor atractivo de esta ruta lo componen sus dos miradores: el primero, en el v\u00e9rtice norte de la ruta, es una antigua caseta de vigilancia adaptada para uso tur\u00edstico denominando el portillo de C\u00edjara, ofrece unas vistas espectaculares de la presa y todas las islas del embalse. El segundo instalado en un promontorio rocoso, dispone de una mesa interpretativa y una barandilla de madera y mira hacia el oeste, es decir, hacia la cola del embalse de Garc\u00eda de Sola en el Guadiana.<\/p>\n<!-- AddThis Advanced Settings generic via filter on the_content --><!-- AddThis Share Buttons generic via filter on the_content -->","protected":false},"excerpt":{"rendered":"<p>La Asociaci\u00f3n Jamal comienza las actividades de oto\u00f1o con una ruta al\u00a0Portillo del C\u00edjara.\u00a0Se trata de una ruta circular que pasa junto a los miradores de C\u00edjara y de Portillo de C\u00edjara, muy c\u00f3moda pues transita por una pista de arena muy ancha y en buen estado.<!-- AddThis Advanced Settings generic via filter on get_the_excerpt --><!-- AddThis Share Buttons generic via filter on get_the_excerpt --><\/p>\n","protected":false},"author":27,"featured_media":0,"comment_status":"open","ping_status":"closed","sticky":false,"template":"","format":"standard","meta":[],"categories":[3],"tags":[208,817,836,838,968],"_links":{"self":[{"href":"https:\/\/blogs.hoy.es\/senderosextremadura\/wp-json\/wp\/v2\/posts\/3501"}],"collection":[{"href":"https:\/\/blogs.hoy.es\/senderosextremadura\/wp-json\/wp\/v2\/posts"}],"about":[{"href":"https:\/\/blogs.hoy.es\/senderosextremadura\/wp-json\/wp\/v2\/types\/post"}],"author":[{"embeddable":true,"href":"https:\/\/blogs.hoy.es\/senderosextremadura\/wp-json\/wp\/v2\/users\/27"}],"replies":[{"embeddable":true,"href":"https:\/\/blogs.hoy.es\/senderosextremadura\/wp-json\/wp\/v2\/comments?post=3501"}],"version-history":[{"count":0,"href":"https:\/\/blogs.hoy.es\/senderosextremadura\/wp-json\/wp\/v2\/posts\/3501\/revisions"}],"wp:attachment":[{"href":"https:\/\/blogs.hoy.es\/senderosextremadura\/wp-json\/wp\/v2\/media?parent=3501"}],"wp:term":[{"taxonomy":"category","embeddable":true,"href":"https:\/\/blogs.hoy.es\/senderosextremadura\/wp-json\/wp\/v2\/categories?post=3501"},{"taxonomy":"post_tag","embeddable":true,"href":"https:\/\/blogs.hoy.es\/senderosextremadura\/wp-json\/wp\/v2\/tags?post=3501"}],"curies":[{"name":"wp","href":"https:\/\/api.w.org\/{rel}","templated":true}]}}