{"id":3504,"date":"2015-10-26T16:39:15","date_gmt":"2015-10-26T16:39:15","guid":{"rendered":"http:\/\/blogs.hoy.es\/senderosextremadura\/?p=3504"},"modified":"2015-10-26T16:39:15","modified_gmt":"2015-10-26T16:39:15","slug":"la-31-edicion-de-la-travesia-carlos-v-espera-superar-el-millar-de-senderistas-8-de-noviembr","status":"publish","type":"post","link":"https:\/\/blogs.hoy.es\/senderosextremadura\/2015\/10\/26\/la-31-edicion-de-la-travesia-carlos-v-espera-superar-el-millar-de-senderistas-8-de-noviembr\/","title":{"rendered":"La 31 edici\u00f3n de la traves\u00eda Carlos V espera superar el millar de senderistas (8 de noviembre)"},"content":{"rendered":"<div id=\"attachment_3506\" style=\"width: 610px\" class=\"wp-caption aligncenter\"><a href=\"https:\/\/blogs.hoy.es\/senderosextremadura\/\"><img aria-describedby=\"caption-attachment-3506\" loading=\"lazy\" class=\"size-large wp-image-3506\" title=\"\" src=\"\/senderosextremadura\/wp-content\/uploads\/sites\/22\/2015\/10\/puente.jpg\" alt=\"\" width=\"600\" height=\"362\" srcset=\"https:\/\/static-blogs.hoy.es\/wp-content\/uploads\/sites\/22\/2015\/10\/puente.jpg 660w, https:\/\/static-blogs.hoy.es\/wp-content\/uploads\/sites\/22\/2015\/10\/puente-300x181.jpg 300w, https:\/\/static-blogs.hoy.es\/wp-content\/uploads\/sites\/22\/2015\/10\/puente-600x363.jpg 600w\" sizes=\"(max-width: 600px) 100vw, 600px\" \/><\/a><p id=\"caption-attachment-3506\" class=\"wp-caption-text\">Senderistas en el Puente de Carlos V:: HOY<\/p><\/div>\n<p>El <strong>Grupo Placentino de Monta\u00f1a<\/strong>\u00a0celebrar\u00e1 el pr\u00f3ximo 8 de noviembre una nueva edici\u00f3n de la <a href=\"http:\/\/www.hoy.es\/planes\/201505\/29\/motivos-para-recorrer-ruta-20150529190336.html\" rel=\"external nofollow\">traves\u00eda Carlos V<\/a>, sobre un recorrido de 24,5 kil\u00f3metros entre los municipios cacere\u00f1os de Tornavacas y Jarandilla de la Vera, y que en su 31 cumplea\u00f1os espera reunir a m\u00e1s de un millar de participantes.<!--more--><\/p>\n<p>Este itinerario es sin duda la ruta m\u00e1s visitada de toda Extremadura ya que desde todos los puntos de Espa\u00f1a y a lo largo de todo el a\u00f1o es recorrida por un gran numero de monta\u00f1eros y senderistas, seg\u00fan destaca el citado grupo en una nota de prensa.<\/p>\n<p>Belleza, dureza e historia se a\u00fanan para motivar al caminante en este sinuoso trazado, que recorre en pleno oto\u00f1o bosques de casta\u00f1os y robles y cruza torrenteras de aguas que no dejan a nadie indiferente, se resalta.<\/p>\n<p>La marcha, que discurre por el mismo trazado que realiz\u00f3 el emperador Carlos V el 3 de febrero de 1557, partir\u00e1 a las siete de la ma\u00f1ana de la avenida del Valle de Plasencia con el traslado en autob\u00fas de los participantes hasta el municipio de Tornavacas.<\/p>\n<p>Una vez aqu\u00ed, el recorrido, de dificultad media, transcurre por el Valle del Jerte y la comarca de La Vera, atravesar\u00e1 la Sierra de Tormantos, el Collado de las Losas, el Cerro de la Encinilla, Puente Nuevo y el Collado de las Yeguas, desde donde se descender\u00e1 por Guijo de Santa B\u00e1rbara hasta Jarandilla.<\/p>\n<p>Para participar en esta traves\u00eda, que cada a\u00f1o congrega a cientos de aficionados llegados desde todos los rincones de Espa\u00f1a, los socios deber\u00e1n abonar 13 euros, mientras que el precio para el resto ser\u00e1 de 15 euros.<\/p>\n<p>Desde la organizaci\u00f3n se ha hecho un llamamiento a todos aquellos que est\u00e9n interesados en participar pero ha remarcado que para completar el recorrido resulta imprescindible estar en buena condici\u00f3n f\u00edsica.<\/p>\n<p>&#8220;La ruta es dura y queremos que en la sierra disfrutes. Si tu preparaci\u00f3n es pobre lo m\u00e1s seguro es que no quieras volver y probablemente causes problemas a la organizaci\u00f3n&#8221;, ha advertido.<\/p>\n<p>Fuente: EFE<\/p>\n<p>&nbsp;<\/p>\n<p><a href=\"https:\/\/blogs.hoy.es\/senderosextremadura\/\"><img loading=\"lazy\" class=\"aligncenter size-large wp-image-3507\" title=\"\" src=\"\/senderosextremadura\/wp-content\/uploads\/sites\/22\/2015\/10\/cartel-ruta.jpg\" alt=\"\" width=\"600\" height=\"424\" srcset=\"https:\/\/static-blogs.hoy.es\/wp-content\/uploads\/sites\/22\/2015\/10\/cartel-ruta.jpg 1600w, https:\/\/static-blogs.hoy.es\/wp-content\/uploads\/sites\/22\/2015\/10\/cartel-ruta-300x212.jpg 300w, https:\/\/static-blogs.hoy.es\/wp-content\/uploads\/sites\/22\/2015\/10\/cartel-ruta-768x543.jpg 768w, https:\/\/static-blogs.hoy.es\/wp-content\/uploads\/sites\/22\/2015\/10\/cartel-ruta-600x424.jpg 600w\" sizes=\"(max-width: 600px) 100vw, 600px\" \/><\/a><\/p>\n<p>&nbsp;<\/p>\n<!-- AddThis Advanced Settings generic via filter on the_content --><!-- AddThis Share Buttons generic via filter on the_content -->","protected":false},"excerpt":{"rendered":"<p>El Grupo Placentino de Monta\u00f1a\u00a0celebrar\u00e1 el pr\u00f3ximo 8 de noviembre una nueva edici\u00f3n de la traves\u00eda Carlos V, sobre un recorrido de 24,5 kil\u00f3metros entre los municipios cacere\u00f1os de Tornavacas y Jarandilla de la Vera, y que en su 31 cumplea\u00f1os espera reunir a m\u00e1s de un millar de participantes.<!-- AddThis Advanced Settings generic via filter on get_the_excerpt --><!-- AddThis Share Buttons generic via filter on get_the_excerpt --><\/p>\n","protected":false},"author":27,"featured_media":0,"comment_status":"open","ping_status":"closed","sticky":false,"template":"","format":"standard","meta":[],"categories":[3],"tags":[163,229,231,301,821,989,1063],"_links":{"self":[{"href":"https:\/\/blogs.hoy.es\/senderosextremadura\/wp-json\/wp\/v2\/posts\/3504"}],"collection":[{"href":"https:\/\/blogs.hoy.es\/senderosextremadura\/wp-json\/wp\/v2\/posts"}],"about":[{"href":"https:\/\/blogs.hoy.es\/senderosextremadura\/wp-json\/wp\/v2\/types\/post"}],"author":[{"embeddable":true,"href":"https:\/\/blogs.hoy.es\/senderosextremadura\/wp-json\/wp\/v2\/users\/27"}],"replies":[{"embeddable":true,"href":"https:\/\/blogs.hoy.es\/senderosextremadura\/wp-json\/wp\/v2\/comments?post=3504"}],"version-history":[{"count":0,"href":"https:\/\/blogs.hoy.es\/senderosextremadura\/wp-json\/wp\/v2\/posts\/3504\/revisions"}],"wp:attachment":[{"href":"https:\/\/blogs.hoy.es\/senderosextremadura\/wp-json\/wp\/v2\/media?parent=3504"}],"wp:term":[{"taxonomy":"category","embeddable":true,"href":"https:\/\/blogs.hoy.es\/senderosextremadura\/wp-json\/wp\/v2\/categories?post=3504"},{"taxonomy":"post_tag","embeddable":true,"href":"https:\/\/blogs.hoy.es\/senderosextremadura\/wp-json\/wp\/v2\/tags?post=3504"}],"curies":[{"name":"wp","href":"https:\/\/api.w.org\/{rel}","templated":true}]}}